
{"id":123757,"date":"2025-10-13T09:51:21","date_gmt":"2025-10-13T12:51:21","guid":{"rendered":"https:\/\/www.sudoestehoje.com.br\/novoportal\/?p=123757"},"modified":"2025-10-13T09:51:50","modified_gmt":"2025-10-13T12:51:50","slug":"prefeitura-de-itapetinga-reaizara-dia-d-de-multivacinacao-no-proximo-sabado-18","status":"publish","type":"post","link":"https:\/\/www.sudoestehoje.com.br\/novoportal\/2025\/10\/13\/prefeitura-de-itapetinga-reaizara-dia-d-de-multivacinacao-no-proximo-sabado-18\/","title":{"rendered":"PREFEITURA DE ITAPETINGA REAIZAR\u00c1 DIA D DE MULTIVACINA\u00c7\u00c3O NO PR\u00d3XIMO S\u00c1BADO (18)"},"content":{"rendered":"<p><img loading=\"lazy\" decoding=\"async\" class=\"alignnone size-full wp-image-123759\" src=\"https:\/\/www.sudoestehoje.com.br\/novoportal\/wp-content\/uploads\/2025\/10\/6e3a1ee9-ced2-42b4-a999-7df734870ea3-1280x854-1.jpeg\" alt=\"\" width=\"1280\" height=\"854\" \/><\/p>\n<p><strong>A prefeitura de Itapetinga aderiu \u00e0 campanha de Multivacina\u00e7\u00e3o. No pr\u00f3ximo dia 18, acontecer\u00e1 o Dia D. Os postos Roberto Santos, Jos\u00e9 Luna, Arnaldo Teixeira, Idal\u00e9cio Andrade, Guilherme Dias, Clodoaldo Costa e Bandeira do Col\u00f4nia estar\u00e3o abertos com programa\u00e7\u00e3o especial para atualizar a caderneta vacinal de crian\u00e7as adolescentes menores de 15 anos.<\/strong><\/p>\n<p><strong>\u201cNa campanha, teremos as vacinas do calend\u00e1rio b\u00e1sico nas unidades. Um dos focos \u00e9 a vacina\u00e7\u00e3o contra o HPV, destinada a adolescentes de 9 a 14 anos, 11 meses e 29 dias, al\u00e9m, claro da atualiza\u00e7\u00e3o da caderneta de vacina\u00e7\u00e3o de crian\u00e7as menores de 5 anos\u201d, explicou a secret\u00e1ria de sa\u00fade, Myllena Orrico.<\/strong><\/p>\n<p><strong>De acordo com o Minist\u00e9rio da Sa\u00fade, a multivacina\u00e7\u00e3o faz parte da estrat\u00e9gia para atualiza\u00e7\u00e3o da caderneta de vacina\u00e7\u00e3o e busca, ainda, reduzir a mortalidade infantil e ampliar a expectativa de vida dos brasileiros.<\/strong><\/p>\n<p><strong>O Programa Nacional de Imuniza\u00e7\u00f5es (PNI) assegurou avan\u00e7os significativos na qualidade de vida de crian\u00e7as, adolescentes e suas fam\u00edlias. Doen\u00e7as como a poliomielite e o sarampo ainda s\u00e3o end\u00eamicas em outros pa\u00edses, o que refor\u00e7a a necessidade de manter elevadas coberturas vacinais no territ\u00f3rio nacional.<\/strong><\/p>\n<p><strong>Dentre as vacinas oferecidas na campanha, as crian\u00e7as receber\u00e3o imuniza\u00e7\u00e3o contra poliomielite, a vacina pneumoc\u00f3cica 10 e a tr\u00edplice viral D1, entre outras. \u201cQueremos resgatar os n\u00e3o vacinados e completar esquemas de vacina\u00e7\u00e3o, visando atualizar a caderneta das crian\u00e7as e adolescentes, conforme o Calend\u00e1rio de Nacional de Vacina\u00e7\u00e3o\u201d, completou a secret\u00e1ria. \/\/Ascom<\/strong><\/p>\n","protected":false},"excerpt":{"rendered":"<p>A prefeitura de Itapetinga aderiu \u00e0 campanha de Multivacina\u00e7\u00e3o. No pr\u00f3ximo dia 18, acontecer\u00e1 o Dia D. Os postos Roberto Santos, Jos\u00e9 Luna, Arnaldo Teixeira, Idal\u00e9cio Andrade, Guilherme Dias, Clodoaldo Costa e Bandeira do Col\u00f4nia estar\u00e3o abertos com programa\u00e7\u00e3o especial para atualizar a caderneta vacinal de crian\u00e7as adolescentes menores de 15 anos. \u201cNa campanha, teremos [&hellip;]<\/p>\n","protected":false},"author":2,"featured_media":123759,"comment_status":"closed","ping_status":"open","sticky":false,"template":"","format":"standard","meta":{"footnotes":"","_links_to":"","_links_to_target":""},"categories":[1],"tags":[],"class_list":["post-123757","post","type-post","status-publish","format-standard","has-post-thumbnail","hentry","category-geral"],"views":754,"_links":{"self":[{"href":"https:\/\/www.sudoestehoje.com.br\/novoportal\/wp-json\/wp\/v2\/posts\/123757","targetHints":{"allow":["GET"]}}],"collection":[{"href":"https:\/\/www.sudoestehoje.com.br\/novoportal\/wp-json\/wp\/v2\/posts"}],"about":[{"href":"https:\/\/www.sudoestehoje.com.br\/novoportal\/wp-json\/wp\/v2\/types\/post"}],"author":[{"embeddable":true,"href":"https:\/\/www.sudoestehoje.com.br\/novoportal\/wp-json\/wp\/v2\/users\/2"}],"replies":[{"embeddable":true,"href":"https:\/\/www.sudoestehoje.com.br\/novoportal\/wp-json\/wp\/v2\/comments?post=123757"}],"version-history":[{"count":4,"href":"https:\/\/www.sudoestehoje.com.br\/novoportal\/wp-json\/wp\/v2\/posts\/123757\/revisions"}],"predecessor-version":[{"id":123762,"href":"https:\/\/www.sudoestehoje.com.br\/novoportal\/wp-json\/wp\/v2\/posts\/123757\/revisions\/123762"}],"wp:featuredmedia":[{"embeddable":true,"href":"https:\/\/www.sudoestehoje.com.br\/novoportal\/wp-json\/wp\/v2\/media\/123759"}],"wp:attachment":[{"href":"https:\/\/www.sudoestehoje.com.br\/novoportal\/wp-json\/wp\/v2\/media?parent=123757"}],"wp:term":[{"taxonomy":"category","embeddable":true,"href":"https:\/\/www.sudoestehoje.com.br\/novoportal\/wp-json\/wp\/v2\/categories?post=123757"},{"taxonomy":"post_tag","embeddable":true,"href":"https:\/\/www.sudoestehoje.com.br\/novoportal\/wp-json\/wp\/v2\/tags?post=123757"}],"curies":[{"name":"wp","href":"https:\/\/api.w.org\/{rel}","templated":true}]}}