
{"id":123716,"date":"2025-10-10T10:09:27","date_gmt":"2025-10-10T13:09:27","guid":{"rendered":"https:\/\/www.sudoestehoje.com.br\/novoportal\/?p=123716"},"modified":"2025-10-10T10:17:19","modified_gmt":"2025-10-10T13:17:19","slug":"governo-descarta-volta-do-horario-de-verao-no-brasil-em-2025","status":"publish","type":"post","link":"https:\/\/www.sudoestehoje.com.br\/novoportal\/2025\/10\/10\/governo-descarta-volta-do-horario-de-verao-no-brasil-em-2025\/","title":{"rendered":"GOVERNO DESCARTA VOLTA DO HOR\u00c1RIO DE VER\u00c3O NO BRASIL EM 2025"},"content":{"rendered":"<p><img loading=\"lazy\" decoding=\"async\" class=\"alignnone size-full wp-image-123717\" src=\"https:\/\/www.sudoestehoje.com.br\/novoportal\/wp-content\/uploads\/2025\/10\/horario-de-verao.jpg\" alt=\"\" width=\"600\" height=\"400\" \/><\/p>\n<p><strong>O Minist\u00e9rio de Minas e Energia (MME) confirmou que n\u00e3o haver\u00e1 retomada do hor\u00e1rio de ver\u00e3o em 2025. A decis\u00e3o derruba rumores sobre a volta da pr\u00e1tica, adotada por d\u00e9cadas no pa\u00eds com a proposta de economizar energia ao adiantar os rel\u00f3gios em uma hora.<\/strong><\/p>\n<p><strong>Segundo a pasta, o hor\u00e1rio de ver\u00e3o \u201ctinha como principal objetivo reduzir o consumo de energia el\u00e9trica, aproveitando melhor a luz natural com o adiantamento dos rel\u00f3gios em uma hora\u201d. Entretanto, estudos do pr\u00f3prio governo, realizados em 2019, apontaram que o programa perdeu efici\u00eancia.<\/strong><\/p>\n<p><strong>Conforme explicou o minist\u00e9rio, mudan\u00e7as de h\u00e1bito \u2014 como maior uso de equipamentos de refrigera\u00e7\u00e3o \u00e0 tarde \u2014 alteraram o perfil de demanda. Assim, a \u201cm\u00e1xima de energia havia deixado de ocorrer no per\u00edodo noturno, passando a se concentrar por volta das 15h, o que comprometia a efetividade da pol\u00edtica\u201d. Com isso, a manuten\u00e7\u00e3o da suspens\u00e3o foi considerada a alternativa mais adequada neste momento.<\/strong><\/p>\n<p><strong>Ainda assim, o MME destacou que seguir\u00e1 monitorando o comportamento do consumo el\u00e9trico no pa\u00eds. Caso o cen\u00e1rio mude, a medida poder\u00e1 ser reavaliada em momento oportuno.<\/strong><\/p>\n","protected":false},"excerpt":{"rendered":"<p>O Minist\u00e9rio de Minas e Energia (MME) confirmou que n\u00e3o haver\u00e1 retomada do hor\u00e1rio de ver\u00e3o em 2025. A decis\u00e3o derruba rumores sobre a volta da pr\u00e1tica, adotada por d\u00e9cadas no pa\u00eds com a proposta de economizar energia ao adiantar os rel\u00f3gios em uma hora. Segundo a pasta, o hor\u00e1rio de ver\u00e3o \u201ctinha como principal [&hellip;]<\/p>\n","protected":false},"author":2,"featured_media":123717,"comment_status":"closed","ping_status":"open","sticky":false,"template":"","format":"standard","meta":{"footnotes":"","_links_to":"","_links_to_target":""},"categories":[1],"tags":[],"class_list":["post-123716","post","type-post","status-publish","format-standard","has-post-thumbnail","hentry","category-geral"],"views":588,"_links":{"self":[{"href":"https:\/\/www.sudoestehoje.com.br\/novoportal\/wp-json\/wp\/v2\/posts\/123716","targetHints":{"allow":["GET"]}}],"collection":[{"href":"https:\/\/www.sudoestehoje.com.br\/novoportal\/wp-json\/wp\/v2\/posts"}],"about":[{"href":"https:\/\/www.sudoestehoje.com.br\/novoportal\/wp-json\/wp\/v2\/types\/post"}],"author":[{"embeddable":true,"href":"https:\/\/www.sudoestehoje.com.br\/novoportal\/wp-json\/wp\/v2\/users\/2"}],"replies":[{"embeddable":true,"href":"https:\/\/www.sudoestehoje.com.br\/novoportal\/wp-json\/wp\/v2\/comments?post=123716"}],"version-history":[{"count":1,"href":"https:\/\/www.sudoestehoje.com.br\/novoportal\/wp-json\/wp\/v2\/posts\/123716\/revisions"}],"predecessor-version":[{"id":123718,"href":"https:\/\/www.sudoestehoje.com.br\/novoportal\/wp-json\/wp\/v2\/posts\/123716\/revisions\/123718"}],"wp:featuredmedia":[{"embeddable":true,"href":"https:\/\/www.sudoestehoje.com.br\/novoportal\/wp-json\/wp\/v2\/media\/123717"}],"wp:attachment":[{"href":"https:\/\/www.sudoestehoje.com.br\/novoportal\/wp-json\/wp\/v2\/media?parent=123716"}],"wp:term":[{"taxonomy":"category","embeddable":true,"href":"https:\/\/www.sudoestehoje.com.br\/novoportal\/wp-json\/wp\/v2\/categories?post=123716"},{"taxonomy":"post_tag","embeddable":true,"href":"https:\/\/www.sudoestehoje.com.br\/novoportal\/wp-json\/wp\/v2\/tags?post=123716"}],"curies":[{"name":"wp","href":"https:\/\/api.w.org\/{rel}","templated":true}]}}