
{"id":123696,"date":"2025-10-08T10:18:35","date_gmt":"2025-10-08T13:18:35","guid":{"rendered":"https:\/\/www.sudoestehoje.com.br\/novoportal\/?p=123696"},"modified":"2025-10-08T10:18:35","modified_gmt":"2025-10-08T13:18:35","slug":"novidade-eduardo-hagge-anuncia-novo-empreendimento-imobiliario-em-itapetinga","status":"publish","type":"post","link":"https:\/\/www.sudoestehoje.com.br\/novoportal\/2025\/10\/08\/novidade-eduardo-hagge-anuncia-novo-empreendimento-imobiliario-em-itapetinga\/","title":{"rendered":"NOVIDADE | EDUARDO HAGGE ANUNCIA NOVO EMPREENDIMENTO IMOBILI\u00c1RIO EM ITAPETINGA"},"content":{"rendered":"<p><img loading=\"lazy\" decoding=\"async\" class=\"alignnone size-full wp-image-123702\" src=\"https:\/\/www.sudoestehoje.com.br\/novoportal\/wp-content\/uploads\/2025\/10\/Imagem-do-WhatsApp-de-2025-10-08-as-10.12.45_d5c9421b.jpg\" alt=\"\" width=\"1600\" height=\"807\" \/><\/p>\n<p><strong>Em reuni\u00e3o com sua equipe de governo, nesta ter\u00e7a-feira (7), o prefeito Eduardo informou que um grupo empresarial privado estaria adquirindo uma \u00e1rea de terras em uma propriedade rural pr\u00f3xima ao parque de exposi\u00e7\u00f5es e o aeroporto, para implantar um grande empreendimento imobili\u00e1rio na cidade.<\/strong><\/p>\n<p><strong>Segundo o chefe do executivo, o interesse de grupos empresariais de fora em investir em Itapetinga reflete o momento econ\u00f4mico favor\u00e1vel do munic\u00edpio, cujo crescimento atrai, cada vez mais, esses investimentos.<\/strong><\/p>\n<p><strong><em>&#8221; Itapetinga vive hoje um momento auspicioso no campo econ\u00f4mico, o que atrai investidores de fora em v\u00e1rios setores, inclusive no campo imobili\u00e1rio. Com a constru\u00e7\u00e3o da Policl\u00ednica e do Hospital Regional pelo Governo do Estado, a cidade tende a crescer \u00e0s margens da BA-263, sentido Vit\u00f3ria da Conquista, a exemplo do Loteamento Turmalina, um sucesso de vendas e constru\u00e7\u00f5es. Esse novo empreendimento \u00e9 maior ainda e dever\u00e1 movimentar o setor como nunca visto em nossa cidade&#8221;<\/em>, destacou Eduardo.<\/strong><\/p>\n<p><strong>V\u00e1rios fatores, segundo o prefeito, contribui para esse &#8216;boom&#8217; de crescimento e um deles \u00e9 a lideran\u00e7a que Itapetinga exerce na gera\u00e7\u00e3o de empregos formais, em todo o estado.<\/strong><\/p>\n<p><strong>Por Davi Ferraz<\/strong><\/p>\n","protected":false},"excerpt":{"rendered":"<p>Em reuni\u00e3o com sua equipe de governo, nesta ter\u00e7a-feira (7), o prefeito Eduardo informou que um grupo empresarial privado estaria adquirindo uma \u00e1rea de terras em uma propriedade rural pr\u00f3xima ao parque de exposi\u00e7\u00f5es e o aeroporto, para implantar um grande empreendimento imobili\u00e1rio na cidade. Segundo o chefe do executivo, o interesse de grupos empresariais [&hellip;]<\/p>\n","protected":false},"author":2,"featured_media":123702,"comment_status":"closed","ping_status":"open","sticky":false,"template":"","format":"standard","meta":{"footnotes":"","_links_to":"","_links_to_target":""},"categories":[1],"tags":[],"class_list":["post-123696","post","type-post","status-publish","format-standard","has-post-thumbnail","hentry","category-geral"],"views":761,"_links":{"self":[{"href":"https:\/\/www.sudoestehoje.com.br\/novoportal\/wp-json\/wp\/v2\/posts\/123696","targetHints":{"allow":["GET"]}}],"collection":[{"href":"https:\/\/www.sudoestehoje.com.br\/novoportal\/wp-json\/wp\/v2\/posts"}],"about":[{"href":"https:\/\/www.sudoestehoje.com.br\/novoportal\/wp-json\/wp\/v2\/types\/post"}],"author":[{"embeddable":true,"href":"https:\/\/www.sudoestehoje.com.br\/novoportal\/wp-json\/wp\/v2\/users\/2"}],"replies":[{"embeddable":true,"href":"https:\/\/www.sudoestehoje.com.br\/novoportal\/wp-json\/wp\/v2\/comments?post=123696"}],"version-history":[{"count":6,"href":"https:\/\/www.sudoestehoje.com.br\/novoportal\/wp-json\/wp\/v2\/posts\/123696\/revisions"}],"predecessor-version":[{"id":123704,"href":"https:\/\/www.sudoestehoje.com.br\/novoportal\/wp-json\/wp\/v2\/posts\/123696\/revisions\/123704"}],"wp:featuredmedia":[{"embeddable":true,"href":"https:\/\/www.sudoestehoje.com.br\/novoportal\/wp-json\/wp\/v2\/media\/123702"}],"wp:attachment":[{"href":"https:\/\/www.sudoestehoje.com.br\/novoportal\/wp-json\/wp\/v2\/media?parent=123696"}],"wp:term":[{"taxonomy":"category","embeddable":true,"href":"https:\/\/www.sudoestehoje.com.br\/novoportal\/wp-json\/wp\/v2\/categories?post=123696"},{"taxonomy":"post_tag","embeddable":true,"href":"https:\/\/www.sudoestehoje.com.br\/novoportal\/wp-json\/wp\/v2\/tags?post=123696"}],"curies":[{"name":"wp","href":"https:\/\/api.w.org\/{rel}","templated":true}]}}