
{"id":12369,"date":"2012-01-26T06:58:58","date_gmt":"2012-01-26T09:58:58","guid":{"rendered":"http:\/\/www.sudoestehoje.com.br\/novoportal\/?p=12369"},"modified":"2012-01-26T06:58:58","modified_gmt":"2012-01-26T09:58:58","slug":"tres-predios-desabam-no-centro-do-rio-de-janeiro","status":"publish","type":"post","link":"https:\/\/www.sudoestehoje.com.br\/novoportal\/2012\/01\/26\/tres-predios-desabam-no-centro-do-rio-de-janeiro\/","title":{"rendered":"TR\u00caS PR\u00c9DIOS DESABAM NO CENTRO DO RIO DE JANEIRO"},"content":{"rendered":"<p><img decoding=\"async\" class=\"aligncenter\" src=\"http:\/\/veja.abril.com.br\/assets\/pictures\/63697\/Rio-desabamento-2-20110125-size-598.jpg\" alt=\"Pr\u00e9dio desaba no centro de Rio de Janeiro. Carros foram atingidos\" width=\"500\" \/><\/p>\n<p>&nbsp;<\/p>\n<p>Tr\u00eas pr\u00e9dios desabaram no Centro do Rio de Janeiro, pouco depois das 20h30 desta quarta-feira. O Edif\u00edcio Liberdade, de cerca de 18 andares, ficava na Rua Treze de Maio, 44. O Edif\u00edcio Colombro, de 10 andares, estava localizado na Rua Manuel de Carvalho, 16. A propriet\u00e1ria de um terceiro pr\u00e9dio, de quatro andares, informou \u00e0 GloboNews que a constru\u00e7\u00e3o tamb\u00e9m foi abaixo.<\/p>\n<p>Inicialmente, resgatistas disseram que havia ao menos 11 feridos no local.\u00a0Posteriormente, o prefeito Eduardo Paes afirmou que era imposs\u00edvel saber ao certo o n\u00famero de v\u00edtimas. A \u00fanica confirma\u00e7\u00e3o \u00e9 que cinco feridos deram entrada no Hospital Souza Aguiar. N\u00e3o se tem estimativa do n\u00famero de soterrados. Familiares relataram o desaparecimento de\u00a0<a href=\"http:\/\/veja.abril.com.br\/noticia\/brasil\/pelo-menos-15-pessoas-estao-desaparecidas\" target=\"_blank\"><strong>pelo menos quinze pessoas<\/strong><\/a>, mas este n\u00famero pode aumentar. As equipes de resgate trabalham com escavadeiras e c\u00e3es farejadores na busca de pessoas sob os escombros. Num dos pr\u00e9dios afetados funcionava um curso de ingl\u00eas. Segundo testemunhas, aulas estavam em andamento no momento do acidente. No edif\u00edcio Liberdade, estaria em andamento tamb\u00e9m um treinamento de TI, do qual participariam cerca de 20 pessoas. Viaturas da Defesa Civil para a remo\u00e7\u00e3o de corpos foram chamadas e j\u00e1 est\u00e3o no local.<\/p>\n<p><img decoding=\"async\" class=\"aligncenter\" src=\"http:\/\/veja.abril.com.br\/assets\/pictures\/63715\/Carros-atingidos-em-desabamento-no-centro-do-Rio-size-598.jpg\" alt=\"Carros atingidos em desabamento no centro do Rio\" width=\"500\" \/><\/p>\n<p>O prefeito do Rio, Eduardo Paes, disse que a causa mais prov\u00e1vel do desabamento \u00e9 um colapso estrutural do pr\u00e9dio mais alto. A Defesa Civil informou inicialmente acreditar em vazamento de g\u00e1s como causa da trag\u00e9dia. No entanto, testemunhas relatam ter ouvido estalos antes do desabamento, o que pode apontar para problemas estruturais. O presidente da Comiss\u00e3o de An\u00e1lise e Preven\u00e7\u00e3o de Acidentes do CREA, Luiz Antonio Cosenza informou que havia obras em dois andares do pr\u00e9dio, o que pode ter provocado algum tipo de abalo. Segundo Cosenza, o CREA j\u00e1 est\u00e1 procurando os respons\u00e1veis t\u00e9cnicos pela obra.<!--more--><\/p>\n<p>S\u00e9rgio Sim\u00f5es, secret\u00e1rio estadual de Defesa Civil, assegurou que n\u00e3o h\u00e1 risco de mais desabamentos na regi\u00e3o. Para ele,\u00a0<a href=\"http:\/\/veja.abril.com.br\/noticia\/brasil\/chances-de-encontrar-sobreviventes-nos-escombros-sao-muito-pequenas-diz-secretario-estadual-de-defesa-civil\" target=\"_blank\"><strong>as chances de encontrar sobreviventes s\u00e3o remotas<\/strong><\/a>, embora exista a esperan\u00e7a de que tenham se formado bols\u00f5es de ar nos escombros. &#8220;At\u00e9 o final do dia de amanh\u00e3 (quinta-feira), todas as equipes de bombeiros estar\u00e3o empenhadas nos resgates&#8221;, afirmou.<\/p>\n<p>A regi\u00e3o onde houve o desabamento \u00e9 a mais importante do Centro do Rio. Pela \u00e1rea compreendida entre o Largo da Carioca e a Cinel\u00e2ndia circulam centenas de milhares de pessoas todos os dias. Um epis\u00f3dio como o desta quarta-feira, em hor\u00e1rio comercial, configuraria uma das maiores trag\u00e9dias da hist\u00f3ria da cidade. Ali est\u00e3o situados tamb\u00e9m pr\u00e9dios hist\u00f3ricos, como o do Theatro Municipal &#8211; cujo anexo ficou danificado -, a C\u00e2mara dos Vereadores, o Museu Nacional de Belas Artes e a Biblioteca Nacional. A Treze de Maio desemboca na Cinel\u00e2ndia, ao lado da C\u00e2mara, e abriga edif\u00edcios comerciais e de uso misto. A \u00e1rea foi isolada para facilitar o trabalho dos bombeiros e a aproxima\u00e7\u00e3o de ambul\u00e2ncias. A estrutura dos pr\u00e9dios vizinhos foi abalada, ainda n\u00e3o se sabe em que grau. Testemunhas que estavam no pr\u00e9dio em frente contam ter sentido um forte abalo no momento do desabamento, que provocou falta moment\u00e2nea de luz.<\/p>\n<p>Rockfeller Pe\u00e7anha, diretor do CREA, est\u00e1 no local acompanhando as buscas. Segundo ele, todos os pr\u00e9dios em torno do local do desabamento permanecer\u00e3o fechados at\u00e9 que se avalie o grau de comprometimento estrutural de cada um deles.<br \/>\n<strong><br \/>\nV\u00edtimas &#8211;<\/strong>\u00a0No\u00a0<a href=\"http:\/\/veja.abril.com.br\/noticia\/brasil\/pelo-menos-15-pessoas-estao-desaparecidas\" target=\"_blank\"><strong>Hospital Souza Aguiar<\/strong><\/a>, o maior do Rio de Janeiro, chegaram cinco v\u00edtimas, uma em estado grave &#8211; Cristiane do Carmo, cerca de 30 anos, est\u00e1 no centro cir\u00fargico com traumatismo craniano. Um homem de 30 anos, ainda n\u00e3o identificado, fora de risco, com trauma no abdome. Um zelador de 50 anos tamb\u00e9m foi atingido, e sofreu ferimentos leves. Francisco Rodrigo, de 37 anos, estava passando e foi atingido por escombros e teve um corte na perna. \u201cFoi tudo muito r\u00e1pido, n\u00e3o entendi direito o que havia acontecido. S\u00f3 depois ouvi pessoas gritando \u201co pr\u00e9dio caiu\u201d. Alessandro da Silva, de 31 anos, foi a primeira v\u00edtima resgatada pelos bombeiros. Ele est\u00e1 consciente e vai ficar em observa\u00e7\u00e3o.<\/p>\n<p><strong>Coletiva de imprensa &#8211;<\/strong>\u00a0A assessoria do prefeito do Rio de Janeiro anunciou que Eduardo Paes, que passou a madrugada no local dos desabamentos, dar\u00e1 uma coletiva de imprensa \u00e0s 9h desta quinta-feira para falar da trag\u00e9dia.<\/p>\n","protected":false},"excerpt":{"rendered":"<p>&nbsp; Tr\u00eas pr\u00e9dios desabaram no Centro do Rio de Janeiro, pouco depois das 20h30 desta quarta-feira. O Edif\u00edcio Liberdade, de cerca de 18 andares, ficava na Rua Treze de Maio, 44. O Edif\u00edcio Colombro, de 10 andares, estava localizado na Rua Manuel de Carvalho, 16. A propriet\u00e1ria de um terceiro pr\u00e9dio, de quatro andares, informou [&hellip;]<\/p>\n","protected":false},"author":2,"featured_media":0,"comment_status":"open","ping_status":"open","sticky":false,"template":"","format":"standard","meta":{"footnotes":"","_links_to":"","_links_to_target":""},"categories":[1],"tags":[],"class_list":["post-12369","post","type-post","status-publish","format-standard","hentry","category-geral"],"views":1230,"_links":{"self":[{"href":"https:\/\/www.sudoestehoje.com.br\/novoportal\/wp-json\/wp\/v2\/posts\/12369","targetHints":{"allow":["GET"]}}],"collection":[{"href":"https:\/\/www.sudoestehoje.com.br\/novoportal\/wp-json\/wp\/v2\/posts"}],"about":[{"href":"https:\/\/www.sudoestehoje.com.br\/novoportal\/wp-json\/wp\/v2\/types\/post"}],"author":[{"embeddable":true,"href":"https:\/\/www.sudoestehoje.com.br\/novoportal\/wp-json\/wp\/v2\/users\/2"}],"replies":[{"embeddable":true,"href":"https:\/\/www.sudoestehoje.com.br\/novoportal\/wp-json\/wp\/v2\/comments?post=12369"}],"version-history":[{"count":3,"href":"https:\/\/www.sudoestehoje.com.br\/novoportal\/wp-json\/wp\/v2\/posts\/12369\/revisions"}],"predecessor-version":[{"id":12372,"href":"https:\/\/www.sudoestehoje.com.br\/novoportal\/wp-json\/wp\/v2\/posts\/12369\/revisions\/12372"}],"wp:attachment":[{"href":"https:\/\/www.sudoestehoje.com.br\/novoportal\/wp-json\/wp\/v2\/media?parent=12369"}],"wp:term":[{"taxonomy":"category","embeddable":true,"href":"https:\/\/www.sudoestehoje.com.br\/novoportal\/wp-json\/wp\/v2\/categories?post=12369"},{"taxonomy":"post_tag","embeddable":true,"href":"https:\/\/www.sudoestehoje.com.br\/novoportal\/wp-json\/wp\/v2\/tags?post=12369"}],"curies":[{"name":"wp","href":"https:\/\/api.w.org\/{rel}","templated":true}]}}