
{"id":123689,"date":"2025-10-08T07:34:01","date_gmt":"2025-10-08T10:34:01","guid":{"rendered":"https:\/\/www.sudoestehoje.com.br\/novoportal\/?p=123689"},"modified":"2025-10-08T07:34:01","modified_gmt":"2025-10-08T10:34:01","slug":"antonio-brito-comemora-aprovacao-da-pec-que-valoriza-agentes-de-saude-e-combate-as-endemias","status":"publish","type":"post","link":"https:\/\/www.sudoestehoje.com.br\/novoportal\/2025\/10\/08\/antonio-brito-comemora-aprovacao-da-pec-que-valoriza-agentes-de-saude-e-combate-as-endemias\/","title":{"rendered":"ANTONIO BRITO COMEMORA APROVA\u00c7\u00c3O DA PEC QUE VALORIZA AGENTES DE SA\u00daDE E COMBATE \u00c0S ENDEMIAS"},"content":{"rendered":"<p><img loading=\"lazy\" decoding=\"async\" class=\"alignnone size-full wp-image-123690\" src=\"https:\/\/www.sudoestehoje.com.br\/novoportal\/wp-content\/uploads\/2025\/10\/Imagem-do-WhatsApp-de-2025-10-07-as-22.22.12_85c99b39.jpg\" alt=\"\" width=\"1056\" height=\"716\" \/><\/p>\n<p><strong>A C\u00e2mara dos Deputados aprovou na noite desta ter\u00e7a-feira (7) a PEC 14\/2021, que institui novas regras para a contrata\u00e7\u00e3o, a valoriza\u00e7\u00e3o e a aposentadoria dos Agentes Comunit\u00e1rios de Sa\u00fade (ACS) e Agentes de Combate \u00e0s Endemias (ACE). <\/strong><\/p>\n<p><strong>A proposta teve relatoria do deputado federal Antonio Brito (PSD-BA), que destacou o papel essencial desses profissionais na aten\u00e7\u00e3o b\u00e1sica e na vigil\u00e2ncia em sa\u00fade em todo o pa\u00eds. <\/strong><\/p>\n<p><strong>O texto altera o artigo 198 da Constitui\u00e7\u00e3o Federal para assegurar que os ACS e ACE sejam contratados exclusivamente por concurso p\u00fablico, vedando a terceiriza\u00e7\u00e3o ou contrata\u00e7\u00e3o tempor\u00e1ria, salvo em situa\u00e7\u00f5es excepcionais de emerg\u00eancia em sa\u00fade p\u00fablica. <\/strong><\/p>\n<p><strong>A PEC tamb\u00e9m garante aposentadoria especial \u00e0 categoria, com 25 anos de contribui\u00e7\u00e3o no exerc\u00edcio da fun\u00e7\u00e3o e idade m\u00ednima de 57 anos para mulheres e 60 para homens. <\/strong><\/p>\n<p><strong>Profissionais que j\u00e1 atuam sob v\u00ednculo tempor\u00e1rio poder\u00e3o ser efetivados at\u00e9 31 de dezembro de 2028, desde que tenham participado de processo seletivo p\u00fablico. Com a aprova\u00e7\u00e3o, a proposta segue agora para an\u00e1lise no Senado Federal.<\/strong><\/p>\n","protected":false},"excerpt":{"rendered":"<p>A C\u00e2mara dos Deputados aprovou na noite desta ter\u00e7a-feira (7) a PEC 14\/2021, que institui novas regras para a contrata\u00e7\u00e3o, a valoriza\u00e7\u00e3o e a aposentadoria dos Agentes Comunit\u00e1rios de Sa\u00fade (ACS) e Agentes de Combate \u00e0s Endemias (ACE). A proposta teve relatoria do deputado federal Antonio Brito (PSD-BA), que destacou o papel essencial desses profissionais [&hellip;]<\/p>\n","protected":false},"author":2,"featured_media":123690,"comment_status":"closed","ping_status":"open","sticky":false,"template":"","format":"standard","meta":{"footnotes":"","_links_to":"","_links_to_target":""},"categories":[1],"tags":[],"class_list":["post-123689","post","type-post","status-publish","format-standard","has-post-thumbnail","hentry","category-geral"],"views":404,"_links":{"self":[{"href":"https:\/\/www.sudoestehoje.com.br\/novoportal\/wp-json\/wp\/v2\/posts\/123689","targetHints":{"allow":["GET"]}}],"collection":[{"href":"https:\/\/www.sudoestehoje.com.br\/novoportal\/wp-json\/wp\/v2\/posts"}],"about":[{"href":"https:\/\/www.sudoestehoje.com.br\/novoportal\/wp-json\/wp\/v2\/types\/post"}],"author":[{"embeddable":true,"href":"https:\/\/www.sudoestehoje.com.br\/novoportal\/wp-json\/wp\/v2\/users\/2"}],"replies":[{"embeddable":true,"href":"https:\/\/www.sudoestehoje.com.br\/novoportal\/wp-json\/wp\/v2\/comments?post=123689"}],"version-history":[{"count":1,"href":"https:\/\/www.sudoestehoje.com.br\/novoportal\/wp-json\/wp\/v2\/posts\/123689\/revisions"}],"predecessor-version":[{"id":123691,"href":"https:\/\/www.sudoestehoje.com.br\/novoportal\/wp-json\/wp\/v2\/posts\/123689\/revisions\/123691"}],"wp:featuredmedia":[{"embeddable":true,"href":"https:\/\/www.sudoestehoje.com.br\/novoportal\/wp-json\/wp\/v2\/media\/123690"}],"wp:attachment":[{"href":"https:\/\/www.sudoestehoje.com.br\/novoportal\/wp-json\/wp\/v2\/media?parent=123689"}],"wp:term":[{"taxonomy":"category","embeddable":true,"href":"https:\/\/www.sudoestehoje.com.br\/novoportal\/wp-json\/wp\/v2\/categories?post=123689"},{"taxonomy":"post_tag","embeddable":true,"href":"https:\/\/www.sudoestehoje.com.br\/novoportal\/wp-json\/wp\/v2\/tags?post=123689"}],"curies":[{"name":"wp","href":"https:\/\/api.w.org\/{rel}","templated":true}]}}