
{"id":123685,"date":"2025-10-07T20:40:37","date_gmt":"2025-10-07T23:40:37","guid":{"rendered":"https:\/\/www.sudoestehoje.com.br\/novoportal\/?p=123685"},"modified":"2025-10-07T20:40:37","modified_gmt":"2025-10-07T23:40:37","slug":"regiao-municipio-de-caatiba-recebe-reforco-de-peso-para-a-limpeza-urbana","status":"publish","type":"post","link":"https:\/\/www.sudoestehoje.com.br\/novoportal\/2025\/10\/07\/regiao-municipio-de-caatiba-recebe-reforco-de-peso-para-a-limpeza-urbana\/","title":{"rendered":"REGI\u00c3O | MUNIC\u00cdPIO DE CAATIBA RECEBE REFOR\u00c7O DE PESO PARA A LIMPEZA URBANA"},"content":{"rendered":"<p><img loading=\"lazy\" decoding=\"async\" class=\"alignnone size-full wp-image-123686\" src=\"https:\/\/www.sudoestehoje.com.br\/novoportal\/wp-content\/uploads\/2025\/10\/Imagem-do-WhatsApp-de-2025-10-07-as-20.29.37_18d1f5cc.jpg\" alt=\"\" width=\"1079\" height=\"1352\" \/><br \/>\n<strong>A Prefeitura de Caatiba recebeu um novo carro compactador de lixo, um equipamento moderno que vai refor\u00e7ar a limpeza urbana, agilizar a coleta de res\u00edduos e melhorar as condi\u00e7\u00f5es de trabalho dos profissionais da \u00e1rea.<\/strong><\/p>\n<p><strong>Essa conquista \u00e9 fruto do trabalho incans\u00e1vel da gest\u00e3o municipal, que busca constantemente mais desenvolvimento, infraestrutura e qualidade de vida para a popula\u00e7\u00e3o, investindo em diferentes \u00e1reas e cuidando de cada detalhe da cidade.<\/strong><\/p>\n<p><strong>Nas rede sociais, o prefeito Humberto Antunes comentou:<\/strong><\/p>\n<p><strong><em>\u201cChegou refor\u00e7o importante para nossa cidade! Esse carro compactador vai facilitar a vida dos nossos profissionais da limpeza e ajudar a manter Caatiba organizada, mostrando que nosso compromisso \u00e9 com o cuidado da cidade e o bem-estar de todos.\u201d<\/em><\/strong><\/p>\n<p><strong>Prefeitura de Caatiba: Trabalhando com dedica\u00e7\u00e3o por uma cidade cada dia melhor. \/\/Ascom Caatiba<\/strong><\/p>\n","protected":false},"excerpt":{"rendered":"<p>A Prefeitura de Caatiba recebeu um novo carro compactador de lixo, um equipamento moderno que vai refor\u00e7ar a limpeza urbana, agilizar a coleta de res\u00edduos e melhorar as condi\u00e7\u00f5es de trabalho dos profissionais da \u00e1rea. Essa conquista \u00e9 fruto do trabalho incans\u00e1vel da gest\u00e3o municipal, que busca constantemente mais desenvolvimento, infraestrutura e qualidade de vida [&hellip;]<\/p>\n","protected":false},"author":2,"featured_media":123686,"comment_status":"closed","ping_status":"open","sticky":false,"template":"","format":"standard","meta":{"footnotes":"","_links_to":"","_links_to_target":""},"categories":[1],"tags":[],"class_list":["post-123685","post","type-post","status-publish","format-standard","has-post-thumbnail","hentry","category-geral"],"views":651,"_links":{"self":[{"href":"https:\/\/www.sudoestehoje.com.br\/novoportal\/wp-json\/wp\/v2\/posts\/123685","targetHints":{"allow":["GET"]}}],"collection":[{"href":"https:\/\/www.sudoestehoje.com.br\/novoportal\/wp-json\/wp\/v2\/posts"}],"about":[{"href":"https:\/\/www.sudoestehoje.com.br\/novoportal\/wp-json\/wp\/v2\/types\/post"}],"author":[{"embeddable":true,"href":"https:\/\/www.sudoestehoje.com.br\/novoportal\/wp-json\/wp\/v2\/users\/2"}],"replies":[{"embeddable":true,"href":"https:\/\/www.sudoestehoje.com.br\/novoportal\/wp-json\/wp\/v2\/comments?post=123685"}],"version-history":[{"count":2,"href":"https:\/\/www.sudoestehoje.com.br\/novoportal\/wp-json\/wp\/v2\/posts\/123685\/revisions"}],"predecessor-version":[{"id":123688,"href":"https:\/\/www.sudoestehoje.com.br\/novoportal\/wp-json\/wp\/v2\/posts\/123685\/revisions\/123688"}],"wp:featuredmedia":[{"embeddable":true,"href":"https:\/\/www.sudoestehoje.com.br\/novoportal\/wp-json\/wp\/v2\/media\/123686"}],"wp:attachment":[{"href":"https:\/\/www.sudoestehoje.com.br\/novoportal\/wp-json\/wp\/v2\/media?parent=123685"}],"wp:term":[{"taxonomy":"category","embeddable":true,"href":"https:\/\/www.sudoestehoje.com.br\/novoportal\/wp-json\/wp\/v2\/categories?post=123685"},{"taxonomy":"post_tag","embeddable":true,"href":"https:\/\/www.sudoestehoje.com.br\/novoportal\/wp-json\/wp\/v2\/tags?post=123685"}],"curies":[{"name":"wp","href":"https:\/\/api.w.org\/{rel}","templated":true}]}}