
{"id":123654,"date":"2025-10-07T18:24:23","date_gmt":"2025-10-07T21:24:23","guid":{"rendered":"https:\/\/www.sudoestehoje.com.br\/novoportal\/?p=123654"},"modified":"2025-10-07T18:28:53","modified_gmt":"2025-10-07T21:28:53","slug":"dia-do-prefeito-eduardo-hagge-recebe-homenagem-de-sua-equipe-de-governo","status":"publish","type":"post","link":"https:\/\/www.sudoestehoje.com.br\/novoportal\/2025\/10\/07\/dia-do-prefeito-eduardo-hagge-recebe-homenagem-de-sua-equipe-de-governo\/","title":{"rendered":"DIA DO PREFEITO | EDUARDO HAGGE RECEBE HOMENAGEM DE SUA EQUIPE DE GOVERNO"},"content":{"rendered":"<p><img loading=\"lazy\" decoding=\"async\" class=\"alignnone size-full wp-image-123656\" src=\"https:\/\/www.sudoestehoje.com.br\/novoportal\/wp-content\/uploads\/2025\/10\/Imagem-do-WhatsApp-de-2025-10-07-as-17.55.32_563807f1.jpg\" alt=\"\" width=\"1156\" height=\"651\" \/><\/p>\n<p><strong>Na manh\u00e3 desta ter\u00e7a-feira (7), o prefeito de Itapetinga, Eduardo Hagge, foi homenageado por sua equipe de governo, na passagem do &#8216;Dia do Prefeito&#8217;, comemorado ontem, em todo o Brasil.<\/strong><\/p>\n<p><strong>Em seu gabinete, Eduardo foi acolhido por secret\u00e1rios e assessores, em um caf\u00e9 da manh\u00e3 preparado especialmente para homenage\u00e1-lo e comemorar os primeiros meses de sucesso da sua administra\u00e7\u00e3o.<img loading=\"lazy\" decoding=\"async\" class=\"alignnone size-full wp-image-123658\" src=\"https:\/\/www.sudoestehoje.com.br\/novoportal\/wp-content\/uploads\/2025\/10\/Imagem-do-WhatsApp-de-2025-10-07-as-17.55.28_9635404a.jpg\" alt=\"\" width=\"1156\" height=\"651\" \/><\/strong><\/p>\n<p><strong>Foi uma cerim\u00f4nia informal, mas Eduardo fez quest\u00e3o de se dirigir \u00e0 sua equipe e colaboradores, relatando a sua luta neste inicio de governo, os desafios e tamb\u00e9m as dificuldades inerentes do cargo que ocupa. Falou tamb\u00e9m do crescimento de Itapetinga em diversos aspectos, principalmente do excelente desempenho do munic\u00edpio na gera\u00e7\u00e3o de empregos.<\/strong><\/p>\n<p><strong>Otimista e com excelentes perspectivas para o futuro da sua gest\u00e3o, Eduardo informou que logo estar\u00e1 anunciando um grande empreendimento no campo imobili\u00e1rio, atrav\u00e9s de uma grande empresa privada, com apoio do munic\u00edpio, e o seu compromisso com a melhora da sa\u00fade da popula\u00e7\u00e3o, durante seu governo.<\/strong><\/p>\n<p><strong><img loading=\"lazy\" decoding=\"async\" class=\"alignnone size-full wp-image-123671\" src=\"https:\/\/www.sudoestehoje.com.br\/novoportal\/wp-content\/uploads\/2025\/10\/Imagem-do-WhatsApp-de-2025-10-07-as-17.55.27_b369ce91.jpg\" alt=\"\" width=\"1156\" height=\"651\" \/><\/strong><\/p>\n<p><strong>Finalizando, o prefeito agradeceu a homenagem e pediu total empenho e uni\u00e3o por parte da sua equipe de governo, a quem deposita enorme confian\u00e7a. Confira fotos:<\/strong><\/p>\n\n\t\t<style type=\"text\/css\">\n\t\t\t#gallery-1 {\n\t\t\t\tmargin: auto;\n\t\t\t}\n\t\t\t#gallery-1 .gallery-item {\n\t\t\t\tfloat: left;\n\t\t\t\tmargin-top: 10px;\n\t\t\t\ttext-align: center;\n\t\t\t\twidth: 33%;\n\t\t\t}\n\t\t\t#gallery-1 img {\n\t\t\t\tborder: 2px solid #cfcfcf;\n\t\t\t}\n\t\t\t#gallery-1 .gallery-caption {\n\t\t\t\tmargin-left: 0;\n\t\t\t}\n\t\t\t\/* see gallery_shortcode() in wp-includes\/media.php *\/\n\t\t<\/style>\n\t\t<div id='gallery-1' class='gallery galleryid-123654 gallery-columns-3 gallery-size-thumbnail'><dl class='gallery-item'>\n\t\t\t<dt class='gallery-icon landscape'>\n\t\t\t\t<a href='https:\/\/www.sudoestehoje.com.br\/novoportal\/2025\/10\/07\/dia-do-prefeito-eduardo-hagge-recebe-homenagem-de-sua-equipe-de-governo\/imagem-do-whatsapp-de-2025-10-07-as-17-54-37_d09152c9\/'><img loading=\"lazy\" decoding=\"async\" width=\"150\" height=\"84\" src=\"https:\/\/www.sudoestehoje.com.br\/novoportal\/wp-content\/uploads\/2025\/10\/Imagem-do-WhatsApp-de-2025-10-07-as-17.54.37_d09152c9.jpg\" class=\"attachment-thumbnail size-thumbnail\" alt=\"\" \/><\/a>\n\t\t\t<\/dt><\/dl><dl class='gallery-item'>\n\t\t\t<dt class='gallery-icon landscape'>\n\t\t\t\t<a href='https:\/\/www.sudoestehoje.com.br\/novoportal\/2025\/10\/07\/dia-do-prefeito-eduardo-hagge-recebe-homenagem-de-sua-equipe-de-governo\/imagem-do-whatsapp-de-2025-10-07-as-17-55-25_09d09f53\/'><img loading=\"lazy\" decoding=\"async\" width=\"150\" height=\"84\" src=\"https:\/\/www.sudoestehoje.com.br\/novoportal\/wp-content\/uploads\/2025\/10\/Imagem-do-WhatsApp-de-2025-10-07-as-17.55.25_09d09f53.jpg\" class=\"attachment-thumbnail size-thumbnail\" alt=\"\" \/><\/a>\n\t\t\t<\/dt><\/dl><dl class='gallery-item'>\n\t\t\t<dt class='gallery-icon landscape'>\n\t\t\t\t<a href='https:\/\/www.sudoestehoje.com.br\/novoportal\/2025\/10\/07\/dia-do-prefeito-eduardo-hagge-recebe-homenagem-de-sua-equipe-de-governo\/imagem-do-whatsapp-de-2025-10-07-as-17-55-24_51e7d29d\/'><img loading=\"lazy\" decoding=\"async\" width=\"150\" height=\"84\" src=\"https:\/\/www.sudoestehoje.com.br\/novoportal\/wp-content\/uploads\/2025\/10\/Imagem-do-WhatsApp-de-2025-10-07-as-17.55.24_51e7d29d.jpg\" class=\"attachment-thumbnail size-thumbnail\" alt=\"\" \/><\/a>\n\t\t\t<\/dt><\/dl><br style=\"clear: both\" \/><dl class='gallery-item'>\n\t\t\t<dt class='gallery-icon landscape'>\n\t\t\t\t<a href='https:\/\/www.sudoestehoje.com.br\/novoportal\/2025\/10\/07\/dia-do-prefeito-eduardo-hagge-recebe-homenagem-de-sua-equipe-de-governo\/imagem-do-whatsapp-de-2025-10-07-as-17-54-38_fa9d61d4\/'><img loading=\"lazy\" decoding=\"async\" width=\"150\" height=\"84\" src=\"https:\/\/www.sudoestehoje.com.br\/novoportal\/wp-content\/uploads\/2025\/10\/Imagem-do-WhatsApp-de-2025-10-07-as-17.54.38_fa9d61d4.jpg\" class=\"attachment-thumbnail size-thumbnail\" alt=\"\" \/><\/a>\n\t\t\t<\/dt><\/dl><dl class='gallery-item'>\n\t\t\t<dt class='gallery-icon landscape'>\n\t\t\t\t<a href='https:\/\/www.sudoestehoje.com.br\/novoportal\/2025\/10\/07\/dia-do-prefeito-eduardo-hagge-recebe-homenagem-de-sua-equipe-de-governo\/imagem-do-whatsapp-de-2025-10-07-as-17-55-31_c9c19100\/'><img loading=\"lazy\" decoding=\"async\" width=\"150\" height=\"84\" src=\"https:\/\/www.sudoestehoje.com.br\/novoportal\/wp-content\/uploads\/2025\/10\/Imagem-do-WhatsApp-de-2025-10-07-as-17.55.31_c9c19100.jpg\" class=\"attachment-thumbnail size-thumbnail\" alt=\"\" \/><\/a>\n\t\t\t<\/dt><\/dl><dl class='gallery-item'>\n\t\t\t<dt class='gallery-icon landscape'>\n\t\t\t\t<a href='https:\/\/www.sudoestehoje.com.br\/novoportal\/2025\/10\/07\/dia-do-prefeito-eduardo-hagge-recebe-homenagem-de-sua-equipe-de-governo\/imagem-do-whatsapp-de-2025-10-07-as-17-55-33_7db191e5\/'><img loading=\"lazy\" decoding=\"async\" width=\"150\" height=\"84\" src=\"https:\/\/www.sudoestehoje.com.br\/novoportal\/wp-content\/uploads\/2025\/10\/Imagem-do-WhatsApp-de-2025-10-07-as-17.55.33_7db191e5.jpg\" class=\"attachment-thumbnail size-thumbnail\" alt=\"\" \/><\/a>\n\t\t\t<\/dt><\/dl><br style=\"clear: both\" \/><dl class='gallery-item'>\n\t\t\t<dt class='gallery-icon landscape'>\n\t\t\t\t<a href='https:\/\/www.sudoestehoje.com.br\/novoportal\/2025\/10\/07\/dia-do-prefeito-eduardo-hagge-recebe-homenagem-de-sua-equipe-de-governo\/imagem-do-whatsapp-de-2025-10-07-as-17-55-30_d9f4e655\/'><img loading=\"lazy\" decoding=\"async\" width=\"150\" height=\"84\" src=\"https:\/\/www.sudoestehoje.com.br\/novoportal\/wp-content\/uploads\/2025\/10\/Imagem-do-WhatsApp-de-2025-10-07-as-17.55.30_d9f4e655.jpg\" class=\"attachment-thumbnail size-thumbnail\" alt=\"\" \/><\/a>\n\t\t\t<\/dt><\/dl><dl class='gallery-item'>\n\t\t\t<dt class='gallery-icon landscape'>\n\t\t\t\t<a href='https:\/\/www.sudoestehoje.com.br\/novoportal\/2025\/10\/07\/dia-do-prefeito-eduardo-hagge-recebe-homenagem-de-sua-equipe-de-governo\/imagem-do-whatsapp-de-2025-10-07-as-17-55-28_4317f7ff\/'><img loading=\"lazy\" decoding=\"async\" width=\"150\" height=\"84\" src=\"https:\/\/www.sudoestehoje.com.br\/novoportal\/wp-content\/uploads\/2025\/10\/Imagem-do-WhatsApp-de-2025-10-07-as-17.55.28_4317f7ff.jpg\" class=\"attachment-thumbnail size-thumbnail\" alt=\"\" \/><\/a>\n\t\t\t<\/dt><\/dl><dl class='gallery-item'>\n\t\t\t<dt class='gallery-icon landscape'>\n\t\t\t\t<a href='https:\/\/www.sudoestehoje.com.br\/novoportal\/2025\/10\/07\/dia-do-prefeito-eduardo-hagge-recebe-homenagem-de-sua-equipe-de-governo\/imagem-do-whatsapp-de-2025-10-07-as-17-55-26_988f51c0\/'><img loading=\"lazy\" decoding=\"async\" width=\"150\" height=\"84\" src=\"https:\/\/www.sudoestehoje.com.br\/novoportal\/wp-content\/uploads\/2025\/10\/Imagem-do-WhatsApp-de-2025-10-07-as-17.55.26_988f51c0.jpg\" class=\"attachment-thumbnail size-thumbnail\" alt=\"\" \/><\/a>\n\t\t\t<\/dt><\/dl><br style=\"clear: both\" \/><dl class='gallery-item'>\n\t\t\t<dt class='gallery-icon landscape'>\n\t\t\t\t<a href='https:\/\/www.sudoestehoje.com.br\/novoportal\/2025\/10\/07\/dia-do-prefeito-eduardo-hagge-recebe-homenagem-de-sua-equipe-de-governo\/imagem-do-whatsapp-de-2025-10-07-as-17-55-26_735f86ea\/'><img loading=\"lazy\" decoding=\"async\" width=\"150\" height=\"84\" src=\"https:\/\/www.sudoestehoje.com.br\/novoportal\/wp-content\/uploads\/2025\/10\/Imagem-do-WhatsApp-de-2025-10-07-as-17.55.26_735f86ea.jpg\" class=\"attachment-thumbnail size-thumbnail\" alt=\"\" \/><\/a>\n\t\t\t<\/dt><\/dl><dl class='gallery-item'>\n\t\t\t<dt class='gallery-icon landscape'>\n\t\t\t\t<a href='https:\/\/www.sudoestehoje.com.br\/novoportal\/2025\/10\/07\/dia-do-prefeito-eduardo-hagge-recebe-homenagem-de-sua-equipe-de-governo\/imagem-do-whatsapp-de-2025-10-07-as-17-55-25_79f8efb4\/'><img loading=\"lazy\" decoding=\"async\" width=\"150\" height=\"84\" src=\"https:\/\/www.sudoestehoje.com.br\/novoportal\/wp-content\/uploads\/2025\/10\/Imagem-do-WhatsApp-de-2025-10-07-as-17.55.25_79f8efb4.jpg\" class=\"attachment-thumbnail size-thumbnail\" alt=\"\" \/><\/a>\n\t\t\t<\/dt><\/dl><dl class='gallery-item'>\n\t\t\t<dt class='gallery-icon landscape'>\n\t\t\t\t<a href='https:\/\/www.sudoestehoje.com.br\/novoportal\/2025\/10\/07\/dia-do-prefeito-eduardo-hagge-recebe-homenagem-de-sua-equipe-de-governo\/imagem-do-whatsapp-de-2025-10-07-as-17-54-38_3193ec97\/'><img loading=\"lazy\" decoding=\"async\" width=\"150\" height=\"84\" src=\"https:\/\/www.sudoestehoje.com.br\/novoportal\/wp-content\/uploads\/2025\/10\/Imagem-do-WhatsApp-de-2025-10-07-as-17.54.38_3193ec97.jpg\" class=\"attachment-thumbnail size-thumbnail\" alt=\"\" \/><\/a>\n\t\t\t<\/dt><\/dl><br style=\"clear: both\" \/><dl class='gallery-item'>\n\t\t\t<dt class='gallery-icon landscape'>\n\t\t\t\t<a href='https:\/\/www.sudoestehoje.com.br\/novoportal\/2025\/10\/07\/dia-do-prefeito-eduardo-hagge-recebe-homenagem-de-sua-equipe-de-governo\/imagem-do-whatsapp-de-2025-10-07-as-17-54-37_aa3045b7\/'><img loading=\"lazy\" decoding=\"async\" width=\"150\" height=\"84\" src=\"https:\/\/www.sudoestehoje.com.br\/novoportal\/wp-content\/uploads\/2025\/10\/Imagem-do-WhatsApp-de-2025-10-07-as-17.54.37_aa3045b7.jpg\" class=\"attachment-thumbnail size-thumbnail\" alt=\"\" \/><\/a>\n\t\t\t<\/dt><\/dl><dl class='gallery-item'>\n\t\t\t<dt class='gallery-icon landscape'>\n\t\t\t\t<a href='https:\/\/www.sudoestehoje.com.br\/novoportal\/2025\/10\/07\/dia-do-prefeito-eduardo-hagge-recebe-homenagem-de-sua-equipe-de-governo\/imagem-do-whatsapp-de-2025-10-07-as-17-55-28_9635404a\/'><img loading=\"lazy\" decoding=\"async\" width=\"150\" height=\"84\" src=\"https:\/\/www.sudoestehoje.com.br\/novoportal\/wp-content\/uploads\/2025\/10\/Imagem-do-WhatsApp-de-2025-10-07-as-17.55.28_9635404a.jpg\" class=\"attachment-thumbnail size-thumbnail\" alt=\"\" \/><\/a>\n\t\t\t<\/dt><\/dl><dl class='gallery-item'>\n\t\t\t<dt class='gallery-icon landscape'>\n\t\t\t\t<a href='https:\/\/www.sudoestehoje.com.br\/novoportal\/2025\/10\/07\/dia-do-prefeito-eduardo-hagge-recebe-homenagem-de-sua-equipe-de-governo\/imagem-do-whatsapp-de-2025-10-07-as-17-55-29_4309e9a1\/'><img loading=\"lazy\" decoding=\"async\" width=\"150\" height=\"84\" src=\"https:\/\/www.sudoestehoje.com.br\/novoportal\/wp-content\/uploads\/2025\/10\/Imagem-do-WhatsApp-de-2025-10-07-as-17.55.29_4309e9a1.jpg\" class=\"attachment-thumbnail size-thumbnail\" alt=\"\" \/><\/a>\n\t\t\t<\/dt><\/dl><br style=\"clear: both\" \/>\n\t\t<\/div>\n\n<p><strong>Por Davi Ferraz<\/strong><\/p>\n","protected":false},"excerpt":{"rendered":"<p>Na manh\u00e3 desta ter\u00e7a-feira (7), o prefeito de Itapetinga, Eduardo Hagge, foi homenageado por sua equipe de governo, na passagem do &#8216;Dia do Prefeito&#8217;, comemorado ontem, em todo o Brasil. Em seu gabinete, Eduardo foi acolhido por secret\u00e1rios e assessores, em um caf\u00e9 da manh\u00e3 preparado especialmente para homenage\u00e1-lo e comemorar os primeiros meses de [&hellip;]<\/p>\n","protected":false},"author":2,"featured_media":123656,"comment_status":"closed","ping_status":"open","sticky":false,"template":"","format":"standard","meta":{"footnotes":"","_links_to":"","_links_to_target":""},"categories":[1],"tags":[],"class_list":["post-123654","post","type-post","status-publish","format-standard","has-post-thumbnail","hentry","category-geral"],"views":380,"_links":{"self":[{"href":"https:\/\/www.sudoestehoje.com.br\/novoportal\/wp-json\/wp\/v2\/posts\/123654","targetHints":{"allow":["GET"]}}],"collection":[{"href":"https:\/\/www.sudoestehoje.com.br\/novoportal\/wp-json\/wp\/v2\/posts"}],"about":[{"href":"https:\/\/www.sudoestehoje.com.br\/novoportal\/wp-json\/wp\/v2\/types\/post"}],"author":[{"embeddable":true,"href":"https:\/\/www.sudoestehoje.com.br\/novoportal\/wp-json\/wp\/v2\/users\/2"}],"replies":[{"embeddable":true,"href":"https:\/\/www.sudoestehoje.com.br\/novoportal\/wp-json\/wp\/v2\/comments?post=123654"}],"version-history":[{"count":4,"href":"https:\/\/www.sudoestehoje.com.br\/novoportal\/wp-json\/wp\/v2\/posts\/123654\/revisions"}],"predecessor-version":[{"id":123684,"href":"https:\/\/www.sudoestehoje.com.br\/novoportal\/wp-json\/wp\/v2\/posts\/123654\/revisions\/123684"}],"wp:featuredmedia":[{"embeddable":true,"href":"https:\/\/www.sudoestehoje.com.br\/novoportal\/wp-json\/wp\/v2\/media\/123656"}],"wp:attachment":[{"href":"https:\/\/www.sudoestehoje.com.br\/novoportal\/wp-json\/wp\/v2\/media?parent=123654"}],"wp:term":[{"taxonomy":"category","embeddable":true,"href":"https:\/\/www.sudoestehoje.com.br\/novoportal\/wp-json\/wp\/v2\/categories?post=123654"},{"taxonomy":"post_tag","embeddable":true,"href":"https:\/\/www.sudoestehoje.com.br\/novoportal\/wp-json\/wp\/v2\/tags?post=123654"}],"curies":[{"name":"wp","href":"https:\/\/api.w.org\/{rel}","templated":true}]}}