
{"id":12364,"date":"2012-01-25T19:36:24","date_gmt":"2012-01-25T22:36:24","guid":{"rendered":"http:\/\/www.sudoestehoje.com.br\/novoportal\/?p=12364"},"modified":"2012-01-25T19:36:24","modified_gmt":"2012-01-25T22:36:24","slug":"o-calcanhar-de-aquiles-de-geddel","status":"publish","type":"post","link":"https:\/\/www.sudoestehoje.com.br\/novoportal\/2012\/01\/25\/o-calcanhar-de-aquiles-de-geddel\/","title":{"rendered":"O CALCANHAR DE AQUILES DE GEDDEL"},"content":{"rendered":"<p><img decoding=\"async\" class=\"aligncenter\" src=\"http:\/\/www.blogdoanderson.com\/v2\/wp-content\/uploads\/Captura-de-tela-inteira-25012012-190902.jpg\" alt=\"\" width=\"300\" \/><\/p>\n<p>O vice-presidente de Pessoa Jur\u00eddica da Caixa Econ\u00f4mica Federal Geddel Vieira Lima (PMDB) teve que ir para o hospital por conta de uma contus\u00e3o militar. Geddel narrou o epis\u00f3dio em sua conta do Twitter.<\/p>\n<p>&#8220;Acabo de fazer resson\u00e2ncia magn\u00e9tica que identificou brutal estiramento muscular na panturrilha direita Agora no PA do hosp sendo medicado&#8221;, postou o pol\u00edtico.\u00a0 &#8220;Medicos dizem q recupera\u00e7\u00e3o sera lenta Anti inflamat\u00f3rios,gelo e muito repouso Andar de bengala,pode? O tempo esse canalha&#8221; (sic).<\/p>\n<p>Geddel postou uma foto do hospital. &#8220;Aqui na emerg\u00eancia do hospital O analg\u00e9sico \u00e9 forte a dor \u00e9 intensa O calcanhar de aquiles \u00f1 foi lesionado,menos mal&#8221;, (sic) esclareceu.<\/p>\n<p><strong><em>CORREIO<\/em><\/strong><\/p>\n","protected":false},"excerpt":{"rendered":"<p>O vice-presidente de Pessoa Jur\u00eddica da Caixa Econ\u00f4mica Federal Geddel Vieira Lima (PMDB) teve que ir para o hospital por conta de uma contus\u00e3o militar. Geddel narrou o epis\u00f3dio em sua conta do Twitter. &#8220;Acabo de fazer resson\u00e2ncia magn\u00e9tica que identificou brutal estiramento muscular na panturrilha direita Agora no PA do hosp sendo medicado&#8221;, postou [&hellip;]<\/p>\n","protected":false},"author":2,"featured_media":0,"comment_status":"open","ping_status":"open","sticky":false,"template":"","format":"standard","meta":{"footnotes":"","_links_to":"","_links_to_target":""},"categories":[1],"tags":[],"class_list":["post-12364","post","type-post","status-publish","format-standard","hentry","category-geral"],"views":1147,"_links":{"self":[{"href":"https:\/\/www.sudoestehoje.com.br\/novoportal\/wp-json\/wp\/v2\/posts\/12364","targetHints":{"allow":["GET"]}}],"collection":[{"href":"https:\/\/www.sudoestehoje.com.br\/novoportal\/wp-json\/wp\/v2\/posts"}],"about":[{"href":"https:\/\/www.sudoestehoje.com.br\/novoportal\/wp-json\/wp\/v2\/types\/post"}],"author":[{"embeddable":true,"href":"https:\/\/www.sudoestehoje.com.br\/novoportal\/wp-json\/wp\/v2\/users\/2"}],"replies":[{"embeddable":true,"href":"https:\/\/www.sudoestehoje.com.br\/novoportal\/wp-json\/wp\/v2\/comments?post=12364"}],"version-history":[{"count":3,"href":"https:\/\/www.sudoestehoje.com.br\/novoportal\/wp-json\/wp\/v2\/posts\/12364\/revisions"}],"predecessor-version":[{"id":12367,"href":"https:\/\/www.sudoestehoje.com.br\/novoportal\/wp-json\/wp\/v2\/posts\/12364\/revisions\/12367"}],"wp:attachment":[{"href":"https:\/\/www.sudoestehoje.com.br\/novoportal\/wp-json\/wp\/v2\/media?parent=12364"}],"wp:term":[{"taxonomy":"category","embeddable":true,"href":"https:\/\/www.sudoestehoje.com.br\/novoportal\/wp-json\/wp\/v2\/categories?post=12364"},{"taxonomy":"post_tag","embeddable":true,"href":"https:\/\/www.sudoestehoje.com.br\/novoportal\/wp-json\/wp\/v2\/tags?post=12364"}],"curies":[{"name":"wp","href":"https:\/\/api.w.org\/{rel}","templated":true}]}}