
{"id":123633,"date":"2025-10-05T08:30:41","date_gmt":"2025-10-05T11:30:41","guid":{"rendered":"https:\/\/www.sudoestehoje.com.br\/novoportal\/?p=123633"},"modified":"2025-10-05T08:32:04","modified_gmt":"2025-10-05T11:32:04","slug":"clima-domingo-amanhece-chuvoso-e-frio-em-itapetinga-e-regiao","status":"publish","type":"post","link":"https:\/\/www.sudoestehoje.com.br\/novoportal\/2025\/10\/05\/clima-domingo-amanhece-chuvoso-e-frio-em-itapetinga-e-regiao\/","title":{"rendered":"CLIMA | DOMINGO AMANHECE CHUVOSO E FRIO EM ITAPETINGA E REGI\u00c3O"},"content":{"rendered":"<p><img loading=\"lazy\" decoding=\"async\" class=\"alignnone size-full wp-image-123636\" src=\"https:\/\/www.sudoestehoje.com.br\/novoportal\/wp-content\/uploads\/2025\/10\/ebf67932-09bf-4be3-ac2e-a4a920c0459a-1-600x352-1.jpg\" alt=\"\" width=\"600\" height=\"352\" \/><\/p>\n<p><strong>Ap\u00f3s uma semana de clima seco e ensolarado, Itapetinga amanheceu com chuva fina e muito frio neste domingo (5), confirmando as previs\u00f5es dos institutos de meteorologia.<\/strong><\/p>\n<p><strong>O clima t\u00edpico do inverno foge aos padr\u00f5es da regi\u00e3o nesta \u00e9poca, quando o esperado s\u00e3o as chuvas de primavera, conhecidas por estas bandas por &#8216;chuvas das \u00e1guas&#8217;, que enchem os a\u00e7udes e irrigam as pastagens.\u00a0<\/strong><\/p>\n<p><strong>O frio de at\u00e9 15\u00b0C durante as madrugadas, em Itapetinga, tamb\u00e9m desvirtua do habitual, que a esta altura do ano deveria estar quente e \u00famido.<\/strong><\/p>\n<p><strong>A previs\u00e3o para os pr\u00f3ximos dias, entretanto, \u00e9 de tempo firme e ensolarados, mas o friozinho da madrugada deve continuar at\u00e9 meados deste m\u00eas de outubro.<\/strong><\/p>\n<p><strong>Por Davi Ferraz\u00a0<\/strong><\/p>\n","protected":false},"excerpt":{"rendered":"<p>Ap\u00f3s uma semana de clima seco e ensolarado, Itapetinga amanheceu com chuva fina e muito frio neste domingo (5), confirmando as previs\u00f5es dos institutos de meteorologia. O clima t\u00edpico do inverno foge aos padr\u00f5es da regi\u00e3o nesta \u00e9poca, quando o esperado s\u00e3o as chuvas de primavera, conhecidas por estas bandas por &#8216;chuvas das \u00e1guas&#8217;, que [&hellip;]<\/p>\n","protected":false},"author":2,"featured_media":123636,"comment_status":"closed","ping_status":"open","sticky":false,"template":"","format":"standard","meta":{"footnotes":"","_links_to":"","_links_to_target":""},"categories":[1],"tags":[],"class_list":["post-123633","post","type-post","status-publish","format-standard","has-post-thumbnail","hentry","category-geral"],"views":703,"_links":{"self":[{"href":"https:\/\/www.sudoestehoje.com.br\/novoportal\/wp-json\/wp\/v2\/posts\/123633","targetHints":{"allow":["GET"]}}],"collection":[{"href":"https:\/\/www.sudoestehoje.com.br\/novoportal\/wp-json\/wp\/v2\/posts"}],"about":[{"href":"https:\/\/www.sudoestehoje.com.br\/novoportal\/wp-json\/wp\/v2\/types\/post"}],"author":[{"embeddable":true,"href":"https:\/\/www.sudoestehoje.com.br\/novoportal\/wp-json\/wp\/v2\/users\/2"}],"replies":[{"embeddable":true,"href":"https:\/\/www.sudoestehoje.com.br\/novoportal\/wp-json\/wp\/v2\/comments?post=123633"}],"version-history":[{"count":4,"href":"https:\/\/www.sudoestehoje.com.br\/novoportal\/wp-json\/wp\/v2\/posts\/123633\/revisions"}],"predecessor-version":[{"id":123639,"href":"https:\/\/www.sudoestehoje.com.br\/novoportal\/wp-json\/wp\/v2\/posts\/123633\/revisions\/123639"}],"wp:featuredmedia":[{"embeddable":true,"href":"https:\/\/www.sudoestehoje.com.br\/novoportal\/wp-json\/wp\/v2\/media\/123636"}],"wp:attachment":[{"href":"https:\/\/www.sudoestehoje.com.br\/novoportal\/wp-json\/wp\/v2\/media?parent=123633"}],"wp:term":[{"taxonomy":"category","embeddable":true,"href":"https:\/\/www.sudoestehoje.com.br\/novoportal\/wp-json\/wp\/v2\/categories?post=123633"},{"taxonomy":"post_tag","embeddable":true,"href":"https:\/\/www.sudoestehoje.com.br\/novoportal\/wp-json\/wp\/v2\/tags?post=123633"}],"curies":[{"name":"wp","href":"https:\/\/api.w.org\/{rel}","templated":true}]}}