
{"id":123602,"date":"2025-10-01T07:07:21","date_gmt":"2025-10-01T10:07:21","guid":{"rendered":"https:\/\/www.sudoestehoje.com.br\/novoportal\/?p=123602"},"modified":"2025-10-01T09:17:24","modified_gmt":"2025-10-01T12:17:24","slug":"itapetinga-supera-cidades-importantes-da-bahia-na-geracao-de-empregos-com-carteira-assinada","status":"publish","type":"post","link":"https:\/\/www.sudoestehoje.com.br\/novoportal\/2025\/10\/01\/itapetinga-supera-cidades-importantes-da-bahia-na-geracao-de-empregos-com-carteira-assinada\/","title":{"rendered":"ITAPETINGA SUPERA CIDADES IMPORTANTES DA BAHIA NA GERA\u00c7\u00c3O DE EMPREGOS COM CARTEIRA ASSINADA"},"content":{"rendered":"<p><img loading=\"lazy\" decoding=\"async\" class=\"alignnone size-full wp-image-123605\" src=\"https:\/\/www.sudoestehoje.com.br\/novoportal\/wp-content\/uploads\/2025\/10\/Imagem-do-WhatsApp-de-2025-10-01-as-06.55.47_f09dd2e6.jpg\" alt=\"\" width=\"1600\" height=\"901\" \/><\/p>\n<p><strong>M\u00eas ap\u00f3s m\u00eas, o munic\u00edpio de Itapetinga vem ultrapassando, com folga, cidades mais populosas e com economias mais fortes do estado da Bahia, na gera\u00e7\u00e3o de empregos formais com carteira assinada.<\/strong><\/p>\n<p><strong>Proporcionalmente, a gera\u00e7\u00e3o de empregos em Itapetinga s\u00f3 perde para Cama\u00e7ari (Polo Petroqu\u00edmico) e para Salvador, capital do estado, cuja popula\u00e7\u00e3o \u00e9 de mais de 2,5 milh\u00f5es de habitantes.<\/strong><\/p>\n<p><strong>Os dados mais recentes foram divulgados nesta ter\u00e7a-feira (30), pelo Cadastro Geral de Empregados e Desempregados (CAGED) e se referem ao m\u00eas de agosto de 2015, quando foram gerados 1.617 empregos com carteiras do trabalho assinadas no munic\u00edpio, o que mostra o crescimento e vigor da economia do munic\u00edpio.<\/strong><\/p>\n<p><strong>De acordo com o CAGED, o carro chefe da gera\u00e7\u00e3o de empregos formais em Itapetinga \u00e9 a ind\u00fastria cal\u00e7adista, que vem ampliando a sua linha de produ\u00e7\u00e3o e contratando empregados em larga escala.<\/strong><\/p>\n<p><strong>Os resultados desse crescimento na contrata\u00e7\u00e3o de empregados em Itapetinga podem ser observados a olho nu na movimenta\u00e7\u00e3o do com\u00e9rcio local, que tamb\u00e9m cresce e ajuda a gerar mais postos de trabalho.<\/strong><\/p>\n<p><strong>Em contato com o <em>Sudoeste Hoje<\/em> o prefeito Eduardo Hagge destacou que<em> &#8220;Itapetinga se transformou em um polo de desenvolvimento sustent\u00e1vel na regi\u00e3o e no estado, com possibilidade de crescer muito mais atrav\u00e9s da implanta\u00e7\u00e3o das novas ind\u00fastrias que est\u00e3o se instalando no munic\u00edpio&#8221;<\/em>.<\/strong><\/p>\n<p><strong>Confira gr\u00e1fico comparativo do CAGED:<\/strong><\/p>\n<p><img loading=\"lazy\" decoding=\"async\" class=\"alignnone  wp-image-123616\" src=\"https:\/\/www.sudoestehoje.com.br\/novoportal\/wp-content\/uploads\/2025\/10\/Imagem-do-WhatsApp-de-2025-10-01-as-09.12.56_f2bc9a0c.jpg\" alt=\"\" width=\"498\" height=\"349\" \/><\/p>\n<p><em><strong>Por Davi Ferraz\u00a0<\/strong><\/em><\/p>\n","protected":false},"excerpt":{"rendered":"<p>M\u00eas ap\u00f3s m\u00eas, o munic\u00edpio de Itapetinga vem ultrapassando, com folga, cidades mais populosas e com economias mais fortes do estado da Bahia, na gera\u00e7\u00e3o de empregos formais com carteira assinada. Proporcionalmente, a gera\u00e7\u00e3o de empregos em Itapetinga s\u00f3 perde para Cama\u00e7ari (Polo Petroqu\u00edmico) e para Salvador, capital do estado, cuja popula\u00e7\u00e3o \u00e9 de mais [&hellip;]<\/p>\n","protected":false},"author":2,"featured_media":123605,"comment_status":"closed","ping_status":"open","sticky":false,"template":"","format":"standard","meta":{"footnotes":"","_links_to":"","_links_to_target":""},"categories":[1],"tags":[],"class_list":["post-123602","post","type-post","status-publish","format-standard","has-post-thumbnail","hentry","category-geral"],"views":1031,"_links":{"self":[{"href":"https:\/\/www.sudoestehoje.com.br\/novoportal\/wp-json\/wp\/v2\/posts\/123602","targetHints":{"allow":["GET"]}}],"collection":[{"href":"https:\/\/www.sudoestehoje.com.br\/novoportal\/wp-json\/wp\/v2\/posts"}],"about":[{"href":"https:\/\/www.sudoestehoje.com.br\/novoportal\/wp-json\/wp\/v2\/types\/post"}],"author":[{"embeddable":true,"href":"https:\/\/www.sudoestehoje.com.br\/novoportal\/wp-json\/wp\/v2\/users\/2"}],"replies":[{"embeddable":true,"href":"https:\/\/www.sudoestehoje.com.br\/novoportal\/wp-json\/wp\/v2\/comments?post=123602"}],"version-history":[{"count":6,"href":"https:\/\/www.sudoestehoje.com.br\/novoportal\/wp-json\/wp\/v2\/posts\/123602\/revisions"}],"predecessor-version":[{"id":123618,"href":"https:\/\/www.sudoestehoje.com.br\/novoportal\/wp-json\/wp\/v2\/posts\/123602\/revisions\/123618"}],"wp:featuredmedia":[{"embeddable":true,"href":"https:\/\/www.sudoestehoje.com.br\/novoportal\/wp-json\/wp\/v2\/media\/123605"}],"wp:attachment":[{"href":"https:\/\/www.sudoestehoje.com.br\/novoportal\/wp-json\/wp\/v2\/media?parent=123602"}],"wp:term":[{"taxonomy":"category","embeddable":true,"href":"https:\/\/www.sudoestehoje.com.br\/novoportal\/wp-json\/wp\/v2\/categories?post=123602"},{"taxonomy":"post_tag","embeddable":true,"href":"https:\/\/www.sudoestehoje.com.br\/novoportal\/wp-json\/wp\/v2\/tags?post=123602"}],"curies":[{"name":"wp","href":"https:\/\/api.w.org\/{rel}","templated":true}]}}