
{"id":123590,"date":"2025-09-30T10:25:19","date_gmt":"2025-09-30T13:25:19","guid":{"rendered":"https:\/\/www.sudoestehoje.com.br\/novoportal\/?p=123590"},"modified":"2025-09-30T10:25:19","modified_gmt":"2025-09-30T13:25:19","slug":"opiniao-contratacao-de-pessoal-via-reda-e-o-mais-adequado-para-as-prefeituras","status":"publish","type":"post","link":"https:\/\/www.sudoestehoje.com.br\/novoportal\/2025\/09\/30\/opiniao-contratacao-de-pessoal-via-reda-e-o-mais-adequado-para-as-prefeituras\/","title":{"rendered":"OPINI\u00c3O | CONTRATA\u00c7\u00c3O DE PESSOAL VIA REDA \u00c9 O MAIS ADEQUADO PARA AS PREFEITURAS"},"content":{"rendered":"<p><img loading=\"lazy\" decoding=\"async\" class=\"alignnone size-full wp-image-123594\" src=\"https:\/\/www.sudoestehoje.com.br\/novoportal\/wp-content\/uploads\/2025\/09\/servidor-publico-federal.jpg\" alt=\"\" width=\"750\" height=\"400\" \/><\/p>\n<p><strong>Nos \u00faltimos anos, uma grande parte dos munic\u00edpios brasileiros tem optado pela contrata\u00e7\u00e3o de pessoal por meio do Regime Especial de Direito Administrativo (REDA), em substitui\u00e7\u00e3o \u00e0 antiga forma de contrata\u00e7\u00e3o direta, baseada em crit\u00e9rios pol\u00edticos, que inflava as folhas de pagamento e frequentemente gerava conflitos com as orienta\u00e7\u00f5es dos Tribunais de Contas e do Minist\u00e9rio P\u00fablico.<\/strong><\/p>\n<p><strong>A contrata\u00e7\u00e3o por crit\u00e9rios meramente pol\u00edticos, embora mais pr\u00e1tica e f\u00e1cil, n\u00e3o seleciona servidores pela capacidade e conhecimento, al\u00e9m de gerar desgastes com \u201cpadrinhos pol\u00edticos\u201d cada vez mais exigentes e insaci\u00e1veis. J\u00e1 a sele\u00e7\u00e3o via REDA privilegia os mais preparados para os cargos oferecidos.<\/strong><\/p>\n<p><strong>Outro diferencial entre a sele\u00e7\u00e3o via REDA e a contrata\u00e7\u00e3o direta s\u00e3o os limites, crit\u00e9rios e quantitativos previamente estabelecidos em edital, adequando o n\u00famero de contratados \u00e0 condi\u00e7\u00e3o financeira do munic\u00edpio. Na contrata\u00e7\u00e3o pol\u00edtica, basta o famoso QI (\u201cQuem Indicou\u201d), transformando-se em um verdadeiro \u201csaco sem fundo\u201d que atormenta a vida dos prefeitos quando a situa\u00e7\u00e3o financeira do munic\u00edpio exige ajustes.<\/strong><\/p>\n<p><strong>Outro instrumento importante na sele\u00e7\u00e3o via REDA \u00e9 o cadastro de reserva, que pode suprir demandas administrativas futuras, quando necess\u00e1rio, sem a obriga\u00e7\u00e3o de realizar outro processo seletivo ou concurso.<\/strong><\/p>\n<p><strong>Geralmente, a contrata\u00e7\u00e3o via REDA tem validade de dois anos, prorrog\u00e1vel por mais dois, mediante avalia\u00e7\u00e3o criteriosa da gest\u00e3o, caso haja necessidade.<\/strong><\/p>\n<p><strong>Nos \u00faltimos tempos, o antigo sistema de contrata\u00e7\u00e3o por concurso p\u00fablico formal vem se mostrando impratic\u00e1vel nas gest\u00f5es modernas, por in\u00fameras raz\u00f5es de conhecimento p\u00fablico.<\/strong><\/p>\n<p><strong>Vale lembrar que a sele\u00e7\u00e3o via REDA \u00e9 plenamente legal e aconselhadas pelo TCM e Minist\u00e9rio P\u00fablico, a todos os gestores p\u00fablicos municipais.<\/strong><\/p>\n<p><strong><em>Por Davi Ferraz \u2013 Advogado e Editor do Sudoeste Hoje<\/em><\/strong><\/p>\n","protected":false},"excerpt":{"rendered":"<p>Nos \u00faltimos anos, uma grande parte dos munic\u00edpios brasileiros tem optado pela contrata\u00e7\u00e3o de pessoal por meio do Regime Especial de Direito Administrativo (REDA), em substitui\u00e7\u00e3o \u00e0 antiga forma de contrata\u00e7\u00e3o direta, baseada em crit\u00e9rios pol\u00edticos, que inflava as folhas de pagamento e frequentemente gerava conflitos com as orienta\u00e7\u00f5es dos Tribunais de Contas e do [&hellip;]<\/p>\n","protected":false},"author":2,"featured_media":123594,"comment_status":"closed","ping_status":"open","sticky":false,"template":"","format":"standard","meta":{"footnotes":"","_links_to":"","_links_to_target":""},"categories":[1],"tags":[],"class_list":["post-123590","post","type-post","status-publish","format-standard","has-post-thumbnail","hentry","category-geral"],"views":617,"_links":{"self":[{"href":"https:\/\/www.sudoestehoje.com.br\/novoportal\/wp-json\/wp\/v2\/posts\/123590","targetHints":{"allow":["GET"]}}],"collection":[{"href":"https:\/\/www.sudoestehoje.com.br\/novoportal\/wp-json\/wp\/v2\/posts"}],"about":[{"href":"https:\/\/www.sudoestehoje.com.br\/novoportal\/wp-json\/wp\/v2\/types\/post"}],"author":[{"embeddable":true,"href":"https:\/\/www.sudoestehoje.com.br\/novoportal\/wp-json\/wp\/v2\/users\/2"}],"replies":[{"embeddable":true,"href":"https:\/\/www.sudoestehoje.com.br\/novoportal\/wp-json\/wp\/v2\/comments?post=123590"}],"version-history":[{"count":4,"href":"https:\/\/www.sudoestehoje.com.br\/novoportal\/wp-json\/wp\/v2\/posts\/123590\/revisions"}],"predecessor-version":[{"id":123595,"href":"https:\/\/www.sudoestehoje.com.br\/novoportal\/wp-json\/wp\/v2\/posts\/123590\/revisions\/123595"}],"wp:featuredmedia":[{"embeddable":true,"href":"https:\/\/www.sudoestehoje.com.br\/novoportal\/wp-json\/wp\/v2\/media\/123594"}],"wp:attachment":[{"href":"https:\/\/www.sudoestehoje.com.br\/novoportal\/wp-json\/wp\/v2\/media?parent=123590"}],"wp:term":[{"taxonomy":"category","embeddable":true,"href":"https:\/\/www.sudoestehoje.com.br\/novoportal\/wp-json\/wp\/v2\/categories?post=123590"},{"taxonomy":"post_tag","embeddable":true,"href":"https:\/\/www.sudoestehoje.com.br\/novoportal\/wp-json\/wp\/v2\/tags?post=123590"}],"curies":[{"name":"wp","href":"https:\/\/api.w.org\/{rel}","templated":true}]}}