
{"id":123585,"date":"2025-09-29T09:59:49","date_gmt":"2025-09-29T12:59:49","guid":{"rendered":"https:\/\/www.sudoestehoje.com.br\/novoportal\/?p=123585"},"modified":"2025-09-29T09:59:49","modified_gmt":"2025-09-29T12:59:49","slug":"economia-bandeira-vermelha-aumenta-conta-de-energia-a-partir-de-outubro","status":"publish","type":"post","link":"https:\/\/www.sudoestehoje.com.br\/novoportal\/2025\/09\/29\/economia-bandeira-vermelha-aumenta-conta-de-energia-a-partir-de-outubro\/","title":{"rendered":"ECONOMIA | BANDEIRA VERMELHA AUMENTA CONTA DE ENERGIA A PARTIR DE OUTUBRO"},"content":{"rendered":"<p><img loading=\"lazy\" decoding=\"async\" class=\"alignnone size-full wp-image-123587\" src=\"https:\/\/www.sudoestehoje.com.br\/novoportal\/wp-content\/uploads\/2025\/09\/a-824.jpg\" alt=\"\" width=\"620\" height=\"349\" \/><\/p>\n<p><strong>A Ag\u00eancia Nacional de Energia El\u00e9trica (ANEEL) anunciou, na sexta-feira (26), a bandeira vermelha patamar 1 para o m\u00eas de outubro. Isso significa que os consumidores receber\u00e3o as contas de energia el\u00e9trica com aumento de R$ 4,46 para cada 100 quilowatts-hora (kWh) consumidos.<\/strong><\/p>\n<p><strong>A medida, segundo a ANEEL, deve-se ao volume de chuvas abaixo da m\u00e9dia, o que for\u00e7a o uso das usinas hidrel\u00e9tricas. Por isso, h\u00e1 necessidade de acionamento de usinas termel\u00e9tricas, que s\u00e3o mais caras. Nos meses anteriores foi acionada a bandeira vermelha patamar 2, ainda mais cara.<\/strong><\/p>\n<p><strong>A Ag\u00eancia Nacional de Energia El\u00e9trica explica que a fonte solar de gera\u00e7\u00e3o \u00e9 intermitente e n\u00e3o injeta energia para o sistema o dia inteiro. Por essa raz\u00e3o, conforme a ANEEL, \u00e9 necess\u00e1rio o acionamento das termel\u00e9tricas para garantir a gera\u00e7\u00e3o de energia quando n\u00e3o h\u00e1 ilumina\u00e7\u00e3o solar, inclusive no hor\u00e1rio de ponta.<\/strong><\/p>\n","protected":false},"excerpt":{"rendered":"<p>A Ag\u00eancia Nacional de Energia El\u00e9trica (ANEEL) anunciou, na sexta-feira (26), a bandeira vermelha patamar 1 para o m\u00eas de outubro. Isso significa que os consumidores receber\u00e3o as contas de energia el\u00e9trica com aumento de R$ 4,46 para cada 100 quilowatts-hora (kWh) consumidos. A medida, segundo a ANEEL, deve-se ao volume de chuvas abaixo da [&hellip;]<\/p>\n","protected":false},"author":2,"featured_media":123587,"comment_status":"closed","ping_status":"open","sticky":false,"template":"","format":"standard","meta":{"footnotes":"","_links_to":"","_links_to_target":""},"categories":[1],"tags":[],"class_list":["post-123585","post","type-post","status-publish","format-standard","has-post-thumbnail","hentry","category-geral"],"views":381,"_links":{"self":[{"href":"https:\/\/www.sudoestehoje.com.br\/novoportal\/wp-json\/wp\/v2\/posts\/123585","targetHints":{"allow":["GET"]}}],"collection":[{"href":"https:\/\/www.sudoestehoje.com.br\/novoportal\/wp-json\/wp\/v2\/posts"}],"about":[{"href":"https:\/\/www.sudoestehoje.com.br\/novoportal\/wp-json\/wp\/v2\/types\/post"}],"author":[{"embeddable":true,"href":"https:\/\/www.sudoestehoje.com.br\/novoportal\/wp-json\/wp\/v2\/users\/2"}],"replies":[{"embeddable":true,"href":"https:\/\/www.sudoestehoje.com.br\/novoportal\/wp-json\/wp\/v2\/comments?post=123585"}],"version-history":[{"count":3,"href":"https:\/\/www.sudoestehoje.com.br\/novoportal\/wp-json\/wp\/v2\/posts\/123585\/revisions"}],"predecessor-version":[{"id":123589,"href":"https:\/\/www.sudoestehoje.com.br\/novoportal\/wp-json\/wp\/v2\/posts\/123585\/revisions\/123589"}],"wp:featuredmedia":[{"embeddable":true,"href":"https:\/\/www.sudoestehoje.com.br\/novoportal\/wp-json\/wp\/v2\/media\/123587"}],"wp:attachment":[{"href":"https:\/\/www.sudoestehoje.com.br\/novoportal\/wp-json\/wp\/v2\/media?parent=123585"}],"wp:term":[{"taxonomy":"category","embeddable":true,"href":"https:\/\/www.sudoestehoje.com.br\/novoportal\/wp-json\/wp\/v2\/categories?post=123585"},{"taxonomy":"post_tag","embeddable":true,"href":"https:\/\/www.sudoestehoje.com.br\/novoportal\/wp-json\/wp\/v2\/tags?post=123585"}],"curies":[{"name":"wp","href":"https:\/\/api.w.org\/{rel}","templated":true}]}}