
{"id":123578,"date":"2025-09-29T06:42:37","date_gmt":"2025-09-29T09:42:37","guid":{"rendered":"https:\/\/www.sudoestehoje.com.br\/novoportal\/?p=123578"},"modified":"2025-09-29T06:42:37","modified_gmt":"2025-09-29T09:42:37","slug":"agro-coopardo-participa-da-expo-pocoes-e-pode-abrir-filial-na-cidade","status":"publish","type":"post","link":"https:\/\/www.sudoestehoje.com.br\/novoportal\/2025\/09\/29\/agro-coopardo-participa-da-expo-pocoes-e-pode-abrir-filial-na-cidade\/","title":{"rendered":"AGRO | COOPARDO PARTICIPA DA EXPO-PO\u00c7\u00d5ES E PODE ABRIR FILIAL NA CIDADE"},"content":{"rendered":"<p><img loading=\"lazy\" decoding=\"async\" class=\"alignnone size-full wp-image-123582\" src=\"https:\/\/www.sudoestehoje.com.br\/novoportal\/wp-content\/uploads\/2025\/09\/Imagem-do-WhatsApp-de-2025-09-28-as-18.07.27_3d7b3cfc-1.jpg\" alt=\"\" width=\"1080\" height=\"1033\" \/><\/p>\n<p><strong>A convite do presidente do Sindicato Rural, comitiva da Coopardo visitou Expo Po\u00e7\u00f5es neste final de semana, atrav\u00e9s de seu presidente Alex Coelho, do diretor Alberto Nolasco e do colaborador Rubenilson.<\/strong><\/p>\n<p><strong>Durante o evento, os representantes da Coopardo estiveram acompanhados de produtores e t\u00e9cnicos do SENAR, ADAB e FRIGOR\u00cdFICO FRIGOSOL, que tamb\u00e9m abrilhantaram a importantes festa do agro regional.<\/strong><\/p>\n<p><strong>NOVA FILIAL\u00a0<\/strong><\/p>\n<p><strong>Assim como aconteceu em outros munic\u00edpios do Sudoeste Baiano, produtores de Po\u00e7\u00f5es tamb\u00e9m reivindicam a abertura de uma filial da Coopardo no munic\u00edpio, para atender as demanda da classe rural com seus produtos de alta qualidade, reconhecidos em todo o setor da agropecu\u00e1ria.<\/strong><\/p>\n<p><strong><em>&#8220;\u00c9 um desejo nosso e da classe de produtores de Po\u00e7\u00f5es fazer um esfor\u00e7o m\u00fatuo para tentarmos abrir uma nova loja at\u00e9 meados de 2026&#8221;<\/em>, declarou Alex Coelho, durante o evento.<\/strong><\/p>\n<p><strong>Apesar de ter sido fundada para atender as demandas de Itapetinga, a Coopardo ganhou for\u00e7a na regi\u00e3o, expandindo a sua atua\u00e7\u00e3o em diversos munic\u00edpios, atrav\u00e9s da sua rede de filiais.<\/strong><\/p>\n<p><strong>Reda\u00e7\u00e3o SH<\/strong><\/p>\n","protected":false},"excerpt":{"rendered":"<p>A convite do presidente do Sindicato Rural, comitiva da Coopardo visitou Expo Po\u00e7\u00f5es neste final de semana, atrav\u00e9s de seu presidente Alex Coelho, do diretor Alberto Nolasco e do colaborador Rubenilson. Durante o evento, os representantes da Coopardo estiveram acompanhados de produtores e t\u00e9cnicos do SENAR, ADAB e FRIGOR\u00cdFICO FRIGOSOL, que tamb\u00e9m abrilhantaram a importantes [&hellip;]<\/p>\n","protected":false},"author":2,"featured_media":123582,"comment_status":"closed","ping_status":"open","sticky":false,"template":"","format":"standard","meta":{"footnotes":"","_links_to":"","_links_to_target":""},"categories":[1],"tags":[],"class_list":["post-123578","post","type-post","status-publish","format-standard","has-post-thumbnail","hentry","category-geral"],"views":435,"_links":{"self":[{"href":"https:\/\/www.sudoestehoje.com.br\/novoportal\/wp-json\/wp\/v2\/posts\/123578","targetHints":{"allow":["GET"]}}],"collection":[{"href":"https:\/\/www.sudoestehoje.com.br\/novoportal\/wp-json\/wp\/v2\/posts"}],"about":[{"href":"https:\/\/www.sudoestehoje.com.br\/novoportal\/wp-json\/wp\/v2\/types\/post"}],"author":[{"embeddable":true,"href":"https:\/\/www.sudoestehoje.com.br\/novoportal\/wp-json\/wp\/v2\/users\/2"}],"replies":[{"embeddable":true,"href":"https:\/\/www.sudoestehoje.com.br\/novoportal\/wp-json\/wp\/v2\/comments?post=123578"}],"version-history":[{"count":4,"href":"https:\/\/www.sudoestehoje.com.br\/novoportal\/wp-json\/wp\/v2\/posts\/123578\/revisions"}],"predecessor-version":[{"id":123584,"href":"https:\/\/www.sudoestehoje.com.br\/novoportal\/wp-json\/wp\/v2\/posts\/123578\/revisions\/123584"}],"wp:featuredmedia":[{"embeddable":true,"href":"https:\/\/www.sudoestehoje.com.br\/novoportal\/wp-json\/wp\/v2\/media\/123582"}],"wp:attachment":[{"href":"https:\/\/www.sudoestehoje.com.br\/novoportal\/wp-json\/wp\/v2\/media?parent=123578"}],"wp:term":[{"taxonomy":"category","embeddable":true,"href":"https:\/\/www.sudoestehoje.com.br\/novoportal\/wp-json\/wp\/v2\/categories?post=123578"},{"taxonomy":"post_tag","embeddable":true,"href":"https:\/\/www.sudoestehoje.com.br\/novoportal\/wp-json\/wp\/v2\/tags?post=123578"}],"curies":[{"name":"wp","href":"https:\/\/api.w.org\/{rel}","templated":true}]}}