
{"id":123569,"date":"2025-09-26T08:20:42","date_gmt":"2025-09-26T11:20:42","guid":{"rendered":"https:\/\/www.sudoestehoje.com.br\/novoportal\/?p=123569"},"modified":"2025-09-26T08:20:42","modified_gmt":"2025-09-26T11:20:42","slug":"medio-sudoeste-frente-fria-chega-a-regiao-trazendo-ventos-fortes-e-chuva-fina","status":"publish","type":"post","link":"https:\/\/www.sudoestehoje.com.br\/novoportal\/2025\/09\/26\/medio-sudoeste-frente-fria-chega-a-regiao-trazendo-ventos-fortes-e-chuva-fina\/","title":{"rendered":"M\u00c9DIO SUDOESTE | FRENTE FRIA CHEGA \u00c0 REGI\u00c3O TRAZENDO VENTOS FORTES E CHUVA FINA"},"content":{"rendered":"<p><img loading=\"lazy\" decoding=\"async\" class=\"alignnone size-full wp-image-123571\" src=\"https:\/\/www.sudoestehoje.com.br\/novoportal\/wp-content\/uploads\/2025\/09\/54487282_hvdLlK9nwkqeA5N_6n3y-S-GO9cbfBYYevAHLSvXFNs-500x375-1.jpg\" alt=\"\" width=\"500\" height=\"375\" \/><\/p>\n<p><strong>Quando parecia que o frio tinha ido embora, o clima voltou a mudar em Itapetinga e regi\u00e3o, trazendo ventos fortes e chuva fina, de acordo com as previs\u00f5es.<\/strong><\/p>\n<p><strong>Para o agroneg\u00f3cio, frio nesta \u00e9poca n\u00e3o traz nenhum benef\u00edcio para o campo, prejudicando as pastagens e a agricultura, mais adaptados \u00e0s temperaturas mais altas e chuvas da primavera, conhecidas como &#8216;chuva das \u00e1guas&#8217;, por estas bandas.<\/strong><\/p>\n<p><strong>De acordo com as previs\u00f5es dos institutos de meteorologia, a friagem n\u00e3o deve persistir em outubro, cuja expectativa \u00e9 de tempo quente e pancadas de chuvas.<\/strong><\/p>\n<p><strong>Tempo frio s\u00f3 \u00e9 bom pra dormir&#8230;<\/strong><\/p>\n<p><strong>Por Davi Ferraz\u00a0<\/strong><\/p>\n","protected":false},"excerpt":{"rendered":"<p>Quando parecia que o frio tinha ido embora, o clima voltou a mudar em Itapetinga e regi\u00e3o, trazendo ventos fortes e chuva fina, de acordo com as previs\u00f5es. Para o agroneg\u00f3cio, frio nesta \u00e9poca n\u00e3o traz nenhum benef\u00edcio para o campo, prejudicando as pastagens e a agricultura, mais adaptados \u00e0s temperaturas mais altas e chuvas [&hellip;]<\/p>\n","protected":false},"author":2,"featured_media":123571,"comment_status":"closed","ping_status":"open","sticky":false,"template":"","format":"standard","meta":{"footnotes":"","_links_to":"","_links_to_target":""},"categories":[1],"tags":[],"class_list":["post-123569","post","type-post","status-publish","format-standard","has-post-thumbnail","hentry","category-geral"],"views":729,"_links":{"self":[{"href":"https:\/\/www.sudoestehoje.com.br\/novoportal\/wp-json\/wp\/v2\/posts\/123569","targetHints":{"allow":["GET"]}}],"collection":[{"href":"https:\/\/www.sudoestehoje.com.br\/novoportal\/wp-json\/wp\/v2\/posts"}],"about":[{"href":"https:\/\/www.sudoestehoje.com.br\/novoportal\/wp-json\/wp\/v2\/types\/post"}],"author":[{"embeddable":true,"href":"https:\/\/www.sudoestehoje.com.br\/novoportal\/wp-json\/wp\/v2\/users\/2"}],"replies":[{"embeddable":true,"href":"https:\/\/www.sudoestehoje.com.br\/novoportal\/wp-json\/wp\/v2\/comments?post=123569"}],"version-history":[{"count":2,"href":"https:\/\/www.sudoestehoje.com.br\/novoportal\/wp-json\/wp\/v2\/posts\/123569\/revisions"}],"predecessor-version":[{"id":123572,"href":"https:\/\/www.sudoestehoje.com.br\/novoportal\/wp-json\/wp\/v2\/posts\/123569\/revisions\/123572"}],"wp:featuredmedia":[{"embeddable":true,"href":"https:\/\/www.sudoestehoje.com.br\/novoportal\/wp-json\/wp\/v2\/media\/123571"}],"wp:attachment":[{"href":"https:\/\/www.sudoestehoje.com.br\/novoportal\/wp-json\/wp\/v2\/media?parent=123569"}],"wp:term":[{"taxonomy":"category","embeddable":true,"href":"https:\/\/www.sudoestehoje.com.br\/novoportal\/wp-json\/wp\/v2\/categories?post=123569"},{"taxonomy":"post_tag","embeddable":true,"href":"https:\/\/www.sudoestehoje.com.br\/novoportal\/wp-json\/wp\/v2\/tags?post=123569"}],"curies":[{"name":"wp","href":"https:\/\/api.w.org\/{rel}","templated":true}]}}