
{"id":123560,"date":"2025-09-25T10:20:02","date_gmt":"2025-09-25T13:20:02","guid":{"rendered":"https:\/\/www.sudoestehoje.com.br\/novoportal\/?p=123560"},"modified":"2025-09-25T10:20:02","modified_gmt":"2025-09-25T13:20:02","slug":"sugestao-do-blog-itapetinga-precisa-priorizar-a-requalificacao-viaria-com-manutencao-permanente","status":"publish","type":"post","link":"https:\/\/www.sudoestehoje.com.br\/novoportal\/2025\/09\/25\/sugestao-do-blog-itapetinga-precisa-priorizar-a-requalificacao-viaria-com-manutencao-permanente\/","title":{"rendered":"SUGEST\u00c3O DO BLOG | ITAPETINGA PRECISA PRIORIZAR A REQUALIFICA\u00c7\u00c3O VI\u00c1RIA COM MANUTEN\u00c7\u00c3O PERMANENTE"},"content":{"rendered":"<p><img loading=\"lazy\" decoding=\"async\" class=\"alignnone  wp-image-123563\" src=\"https:\/\/www.sudoestehoje.com.br\/novoportal\/wp-content\/uploads\/2025\/09\/WhatsApp-Image-2025-09-24-at-14_37_41.jpeg\" alt=\"\" width=\"600\" height=\"379\" \/><\/p>\n<p><strong>Um dos desafios a ser enfrentado pela gest\u00e3o do prefeito Eduardo Hagge \u00e9 a requalifica\u00e7\u00e3o dos corredores vi\u00e1rios de Itapetinga, que engloba as principais vias por onde circula o transporte coletivo da cidade e flui o tr\u00e1fego pesado de ve\u00edculos.<\/strong><\/p>\n<p><strong>Como se sabe, os corredores vi\u00e1rios de Itapetinga s\u00e3o, na sua maior parte, pavimentados com paralelos irregulares e, em alguns locais, sem nenhuma pavimenta\u00e7\u00e3o, o que precisa ser corrigido com uma certa urg\u00eancia.<\/strong><\/p>\n<p><strong>A revitaliza\u00e7\u00e3o de corredores vi\u00e1rios \u00e9 um conjunto de interven\u00e7\u00f5es urbanas para melhorar a infraestrutura das vias, tornando-as mais seguras, eficientes e funcionais, atrav\u00e9s de melhorias na pavimenta\u00e7\u00e3o, sinaliza\u00e7\u00e3o, ilumina\u00e7\u00e3o, cal\u00e7adas e acessibilidade, visando tamb\u00e9m a integra\u00e7\u00e3o de diferentes modais de transporte e a cria\u00e7\u00e3o de um ambiente urbano mais agrad\u00e1vel e sustent\u00e1vel.<span class=\"notranslate\" data-wiz-uids=\"JyaQJc_h,JyaQJc_i\" data-processed=\"true\"><span class=\"vKEkVd\" data-animation-atomic=\"\" data-processed=\"true\">\u00a0<\/span><\/span><\/strong><\/p>\n<p><strong>Com a nova parceria com o Governo do Estado, nossos gestores devem priorizar a infraestrutura e pressionar os governantes para liberar recursos para pavimenta\u00e7\u00e3o asf\u00e1ltica e revitaliza\u00e7\u00e3o dessas \u00e1reas.<\/strong><\/p>\n<p><strong>Vale salientar que existe tamb\u00e9m a possibilidade de recorrer a recursos de emendas parlamentares e empr\u00e9stimos na rede banc\u00e1ria oficial, como ocorre em outras cidades, a exemplo de Vit\u00f3ria da Conquista.<\/strong><\/p>\n<p><strong>Esta \u00e9 a prioridade para uma cidade que pensa em crescer e desenvolver.<\/strong><\/p>\n<p><strong>Por Davi Ferraz<\/strong><\/p>\n","protected":false},"excerpt":{"rendered":"<p>Um dos desafios a ser enfrentado pela gest\u00e3o do prefeito Eduardo Hagge \u00e9 a requalifica\u00e7\u00e3o dos corredores vi\u00e1rios de Itapetinga, que engloba as principais vias por onde circula o transporte coletivo da cidade e flui o tr\u00e1fego pesado de ve\u00edculos. Como se sabe, os corredores vi\u00e1rios de Itapetinga s\u00e3o, na sua maior parte, pavimentados com [&hellip;]<\/p>\n","protected":false},"author":2,"featured_media":123563,"comment_status":"closed","ping_status":"open","sticky":false,"template":"","format":"standard","meta":{"footnotes":"","_links_to":"","_links_to_target":""},"categories":[1],"tags":[],"class_list":["post-123560","post","type-post","status-publish","format-standard","has-post-thumbnail","hentry","category-geral"],"views":866,"_links":{"self":[{"href":"https:\/\/www.sudoestehoje.com.br\/novoportal\/wp-json\/wp\/v2\/posts\/123560","targetHints":{"allow":["GET"]}}],"collection":[{"href":"https:\/\/www.sudoestehoje.com.br\/novoportal\/wp-json\/wp\/v2\/posts"}],"about":[{"href":"https:\/\/www.sudoestehoje.com.br\/novoportal\/wp-json\/wp\/v2\/types\/post"}],"author":[{"embeddable":true,"href":"https:\/\/www.sudoestehoje.com.br\/novoportal\/wp-json\/wp\/v2\/users\/2"}],"replies":[{"embeddable":true,"href":"https:\/\/www.sudoestehoje.com.br\/novoportal\/wp-json\/wp\/v2\/comments?post=123560"}],"version-history":[{"count":5,"href":"https:\/\/www.sudoestehoje.com.br\/novoportal\/wp-json\/wp\/v2\/posts\/123560\/revisions"}],"predecessor-version":[{"id":123566,"href":"https:\/\/www.sudoestehoje.com.br\/novoportal\/wp-json\/wp\/v2\/posts\/123560\/revisions\/123566"}],"wp:featuredmedia":[{"embeddable":true,"href":"https:\/\/www.sudoestehoje.com.br\/novoportal\/wp-json\/wp\/v2\/media\/123563"}],"wp:attachment":[{"href":"https:\/\/www.sudoestehoje.com.br\/novoportal\/wp-json\/wp\/v2\/media?parent=123560"}],"wp:term":[{"taxonomy":"category","embeddable":true,"href":"https:\/\/www.sudoestehoje.com.br\/novoportal\/wp-json\/wp\/v2\/categories?post=123560"},{"taxonomy":"post_tag","embeddable":true,"href":"https:\/\/www.sudoestehoje.com.br\/novoportal\/wp-json\/wp\/v2\/tags?post=123560"}],"curies":[{"name":"wp","href":"https:\/\/api.w.org\/{rel}","templated":true}]}}