
{"id":123555,"date":"2025-09-25T09:20:41","date_gmt":"2025-09-25T12:20:41","guid":{"rendered":"https:\/\/www.sudoestehoje.com.br\/novoportal\/?p=123555"},"modified":"2025-09-25T09:28:02","modified_gmt":"2025-09-25T12:28:02","slug":"previsao-de-chuva-em-itapetinga-e-regiao-a-partir-desta-quinta-feira-25-a-noite","status":"publish","type":"post","link":"https:\/\/www.sudoestehoje.com.br\/novoportal\/2025\/09\/25\/previsao-de-chuva-em-itapetinga-e-regiao-a-partir-desta-quinta-feira-25-a-noite\/","title":{"rendered":"PREVIS\u00c3O DE CHUVA EM ITAPETINGA E REGI\u00c3O A PARTIR DESTA QUINTA-FEIRA (25) \u00c1 NOITE"},"content":{"rendered":"<p><img loading=\"lazy\" decoding=\"async\" class=\"size-full wp-image-123556\" src=\"https:\/\/www.sudoestehoje.com.br\/novoportal\/wp-content\/uploads\/2025\/09\/chuva11.jpg\" alt=\"\" width=\"622\" height=\"414\" \/><\/p>\n<p><strong>Com a chegada de uma frente fria no sul e sudeste do pa\u00eds, nesta semana, os institutos de meteorologia est\u00e3o prevendo a chegada de chuvas fortes no sul da Bahia, atingindo Itapetinga e alguns munic\u00edpios do m\u00e9dio sudoeste.<\/strong><\/p>\n<p><strong>De acordo com as previs\u00f5es, pode chover forte na Capital da Pecu\u00e1ria, a partir desta quinta \u00e0 noite. Na sexta (26), a previs\u00e3o \u00e9 de sol com muitas nuvens pela manh\u00e3 e chuva forte \u00e0 tarde.<\/strong><\/p>\n<p><strong>Depois de um inverno frio e seco, as chuvas da primavera s\u00e3o bem vindas por agricultores e pecuaristas.<\/strong><\/p>\n<p><strong>Por Davi Ferraz<\/strong><\/p>\n","protected":false},"excerpt":{"rendered":"<p>Com a chegada de uma frente fria no sul e sudeste do pa\u00eds, nesta semana, os institutos de meteorologia est\u00e3o prevendo a chegada de chuvas fortes no sul da Bahia, atingindo Itapetinga e alguns munic\u00edpios do m\u00e9dio sudoeste. De acordo com as previs\u00f5es, pode chover forte na Capital da Pecu\u00e1ria, a partir desta quinta \u00e0 [&hellip;]<\/p>\n","protected":false},"author":2,"featured_media":123556,"comment_status":"closed","ping_status":"open","sticky":false,"template":"","format":"standard","meta":{"footnotes":"","_links_to":"","_links_to_target":""},"categories":[1],"tags":[],"class_list":["post-123555","post","type-post","status-publish","format-standard","has-post-thumbnail","hentry","category-geral"],"views":531,"_links":{"self":[{"href":"https:\/\/www.sudoestehoje.com.br\/novoportal\/wp-json\/wp\/v2\/posts\/123555","targetHints":{"allow":["GET"]}}],"collection":[{"href":"https:\/\/www.sudoestehoje.com.br\/novoportal\/wp-json\/wp\/v2\/posts"}],"about":[{"href":"https:\/\/www.sudoestehoje.com.br\/novoportal\/wp-json\/wp\/v2\/types\/post"}],"author":[{"embeddable":true,"href":"https:\/\/www.sudoestehoje.com.br\/novoportal\/wp-json\/wp\/v2\/users\/2"}],"replies":[{"embeddable":true,"href":"https:\/\/www.sudoestehoje.com.br\/novoportal\/wp-json\/wp\/v2\/comments?post=123555"}],"version-history":[{"count":3,"href":"https:\/\/www.sudoestehoje.com.br\/novoportal\/wp-json\/wp\/v2\/posts\/123555\/revisions"}],"predecessor-version":[{"id":123559,"href":"https:\/\/www.sudoestehoje.com.br\/novoportal\/wp-json\/wp\/v2\/posts\/123555\/revisions\/123559"}],"wp:featuredmedia":[{"embeddable":true,"href":"https:\/\/www.sudoestehoje.com.br\/novoportal\/wp-json\/wp\/v2\/media\/123556"}],"wp:attachment":[{"href":"https:\/\/www.sudoestehoje.com.br\/novoportal\/wp-json\/wp\/v2\/media?parent=123555"}],"wp:term":[{"taxonomy":"category","embeddable":true,"href":"https:\/\/www.sudoestehoje.com.br\/novoportal\/wp-json\/wp\/v2\/categories?post=123555"},{"taxonomy":"post_tag","embeddable":true,"href":"https:\/\/www.sudoestehoje.com.br\/novoportal\/wp-json\/wp\/v2\/tags?post=123555"}],"curies":[{"name":"wp","href":"https:\/\/api.w.org\/{rel}","templated":true}]}}