
{"id":123548,"date":"2025-09-24T09:37:27","date_gmt":"2025-09-24T12:37:27","guid":{"rendered":"https:\/\/www.sudoestehoje.com.br\/novoportal\/?p=123548"},"modified":"2025-09-24T10:30:32","modified_gmt":"2025-09-24T13:30:32","slug":"itapetinga-prefeito-eduardo-hagge-acompanha-recuperacao-de-michel-no-hospital-samur-em-conquista","status":"publish","type":"post","link":"https:\/\/www.sudoestehoje.com.br\/novoportal\/2025\/09\/24\/itapetinga-prefeito-eduardo-hagge-acompanha-recuperacao-de-michel-no-hospital-samur-em-conquista\/","title":{"rendered":"ITAPETINGA | PREFEITO EDUARDO HAGGE ACOMPANHA RECUPERA\u00c7\u00c3O DE MICHEL NO HOSPITAL SAMUR, EM CONQUISTA"},"content":{"rendered":"<p><img loading=\"lazy\" decoding=\"async\" class=\"alignnone size-full wp-image-123550\" src=\"https:\/\/www.sudoestehoje.com.br\/novoportal\/wp-content\/uploads\/2025\/09\/Imagem-do-WhatsApp-de-2024-12-05-as-19.03.16_cf7e10ff.jpg\" alt=\"\" width=\"1078\" height=\"893\" \/><\/p>\n<p><strong>Desde o \u00faltimo domingo (21), o prefeito Eduardo continua afastado de suas atividades, em Itapetinga, para acompanhar a recupera\u00e7\u00e3o do seu pai, Michel Hagge, no Hospital Samur, em Vit\u00f3ria da Conquista, ao lado da fam\u00edlia.<\/strong><\/p>\n<p><strong>Michel foi internado no \u00faltimo domingo, depois de sofrer uma diminui\u00e7\u00e3o na frequ\u00eancia card\u00edaca, o que o levou a um desmaio, na sua resid\u00eancia.<\/strong><\/p>\n<p><strong>EDUARDO REANIMOU MICHEL<\/strong><\/p>\n<p><strong>No momento do desmaio, Eduardo conseguiu reanim\u00e1-lo, aplicando massagem no peito do pai, procedimento que elevou os batimentos card\u00edacos, naquele momento, possibilitando o encaminhamento r\u00e1pido para a Policlin, onde recebeu os primeiros socorros, visando a estabiliza\u00e7\u00e3o da press\u00e3o.<\/strong><\/p>\n<p><strong>EXTUBA\u00c7\u00c3O PODE OCORRER HOJE<\/strong><\/p>\n<p><strong>De acordo com informa\u00e7\u00f5es de familiares e segundo boletim m\u00e9dico, Michel apresenta ligeira melhora no seu quadro de sa\u00fade, com possibilidade de ser extubado ainda nesta quarta-feira, caso a melhora persista.<\/strong><\/p>\n<p><strong>A agenda do prefeito deve continuar suspensa at\u00e9 o pr\u00f3ximo final de semana.<\/strong><\/p>\n<p><strong>Por Davi Ferraz<\/strong><\/p>\n","protected":false},"excerpt":{"rendered":"<p>Desde o \u00faltimo domingo (21), o prefeito Eduardo continua afastado de suas atividades, em Itapetinga, para acompanhar a recupera\u00e7\u00e3o do seu pai, Michel Hagge, no Hospital Samur, em Vit\u00f3ria da Conquista, ao lado da fam\u00edlia. Michel foi internado no \u00faltimo domingo, depois de sofrer uma diminui\u00e7\u00e3o na frequ\u00eancia card\u00edaca, o que o levou a um [&hellip;]<\/p>\n","protected":false},"author":2,"featured_media":123550,"comment_status":"closed","ping_status":"open","sticky":false,"template":"","format":"standard","meta":{"footnotes":"","_links_to":"","_links_to_target":""},"categories":[1],"tags":[],"class_list":["post-123548","post","type-post","status-publish","format-standard","has-post-thumbnail","hentry","category-geral"],"views":856,"_links":{"self":[{"href":"https:\/\/www.sudoestehoje.com.br\/novoportal\/wp-json\/wp\/v2\/posts\/123548","targetHints":{"allow":["GET"]}}],"collection":[{"href":"https:\/\/www.sudoestehoje.com.br\/novoportal\/wp-json\/wp\/v2\/posts"}],"about":[{"href":"https:\/\/www.sudoestehoje.com.br\/novoportal\/wp-json\/wp\/v2\/types\/post"}],"author":[{"embeddable":true,"href":"https:\/\/www.sudoestehoje.com.br\/novoportal\/wp-json\/wp\/v2\/users\/2"}],"replies":[{"embeddable":true,"href":"https:\/\/www.sudoestehoje.com.br\/novoportal\/wp-json\/wp\/v2\/comments?post=123548"}],"version-history":[{"count":4,"href":"https:\/\/www.sudoestehoje.com.br\/novoportal\/wp-json\/wp\/v2\/posts\/123548\/revisions"}],"predecessor-version":[{"id":123553,"href":"https:\/\/www.sudoestehoje.com.br\/novoportal\/wp-json\/wp\/v2\/posts\/123548\/revisions\/123553"}],"wp:featuredmedia":[{"embeddable":true,"href":"https:\/\/www.sudoestehoje.com.br\/novoportal\/wp-json\/wp\/v2\/media\/123550"}],"wp:attachment":[{"href":"https:\/\/www.sudoestehoje.com.br\/novoportal\/wp-json\/wp\/v2\/media?parent=123548"}],"wp:term":[{"taxonomy":"category","embeddable":true,"href":"https:\/\/www.sudoestehoje.com.br\/novoportal\/wp-json\/wp\/v2\/categories?post=123548"},{"taxonomy":"post_tag","embeddable":true,"href":"https:\/\/www.sudoestehoje.com.br\/novoportal\/wp-json\/wp\/v2\/tags?post=123548"}],"curies":[{"name":"wp","href":"https:\/\/api.w.org\/{rel}","templated":true}]}}