
{"id":123542,"date":"2025-09-23T12:50:54","date_gmt":"2025-09-23T15:50:54","guid":{"rendered":"https:\/\/www.sudoestehoje.com.br\/novoportal\/?p=123542"},"modified":"2025-09-23T12:50:54","modified_gmt":"2025-09-23T15:50:54","slug":"maiquinique-prefeita-valeria-e-vice-kayque-sao-cassados-pela-justica-eleitoral","status":"publish","type":"post","link":"https:\/\/www.sudoestehoje.com.br\/novoportal\/2025\/09\/23\/maiquinique-prefeita-valeria-e-vice-kayque-sao-cassados-pela-justica-eleitoral\/","title":{"rendered":"MAIQUINIQUE | PREFEITA VAL\u00c9RIA E VICE KAYQUE S\u00c3O CASSADOS PELA JUSTI\u00c7A ELEITORAL"},"content":{"rendered":"<p><img loading=\"lazy\" decoding=\"async\" class=\"alignnone  wp-image-123544\" src=\"https:\/\/www.sudoestehoje.com.br\/novoportal\/wp-content\/uploads\/2025\/09\/476813890_18046657529333518_7978976490917358998_n.jpg\" alt=\"\" width=\"561\" height=\"338\" \/><\/p>\n<p><strong>A Justi\u00e7a Eleitoral da 91\u00aa Zona, com sede em Macarani, acaba de proferir senten\u00e7a hist\u00f3rica: os mandatos da prefeita de Maiquinique, Val\u00e9ria Ferreira Silveira Moreira, e de seu vice, Kayque Jardim de Oliveira, foram cassados. Al\u00e9m disso, ambos foram declarados ineleg\u00edveis por oito anos e receberam multas no valor de R$ 20 mil cada (R$ 10 mil por capta\u00e7\u00e3o il\u00edcita de sufr\u00e1gio e R$ 10 mil por conduta vedada).<\/strong><\/p>\n<p><strong>A decis\u00e3o foi proferida pela ju\u00edza eleitoral Giselle de F\u00e1tima Cunha Guimar\u00e3es Ribeiro, no processo A\u00e7\u00e3o de Investiga\u00e7\u00e3o Judicial Eleitoral (AIJE) n\u00ba 0600484-97.2024.6.05.0091, ajuizado pela coliga\u00e7\u00e3o \u201cUm Novo Tempo\u201d e pelo MDB municipal.<\/strong><\/p>\n<p><strong>Os il\u00edcitos apontados<\/strong><\/p>\n<p><strong>A senten\u00e7a aponta uma s\u00e9rie de pr\u00e1ticas consideradas il\u00edcitas que comprometeram a lisura do pleito municipal de 2024. Entre elas:<\/strong><\/p>\n<p><strong>Uso pol\u00edtico dos precat\u00f3rios do FUNDEF\/FUNDEB, que tiveram o pagamento adiado estrategicamente para coincidir com o per\u00edodo eleitoral, sendo divulgados em atos de autopromo\u00e7\u00e3o;<\/strong><\/p>\n<p><strong>Concess\u00e3o de licen\u00e7as-pr\u00eamio indenizadas a servidores condicionadas ao apoio pol\u00edtico, caracterizando compra de apoio e capta\u00e7\u00e3o il\u00edcita de sufr\u00e1gio;<\/strong><\/p>\n<p><strong>Inaugura\u00e7\u00e3o de obras inacabadas, como o aparelho de Raio-X do hospital e o Centro de Conviv\u00eancia do CRAS, entregues de forma fraudulenta para criar falsa sensa\u00e7\u00e3o de realiza\u00e7\u00e3o administrativa;<\/strong><\/p>\n<p><strong>Uso indevido de servidor p\u00fablico, a exemplo da procuradora municipal, licenciada para eventual candidatura, mas que n\u00e3o concorreu e atuou como coordenadora da campanha da prefeita e do vice, recebendo sal\u00e1rio sem exercer suas fun\u00e7\u00f5es.<\/strong><\/p>\n<p><strong>Fundamenta\u00e7\u00e3o da Justi\u00e7a<\/strong><\/p>\n<p><strong>Segundo a magistrada, as condutas configuraram abuso de poder pol\u00edtico e econ\u00f4mico, capta\u00e7\u00e3o il\u00edcita de sufr\u00e1gio e pr\u00e1ticas vedadas pela Lei Eleitoral. Ela destacou que o conjunto dos atos revelou uma verdadeira \u201corquestra\u201d para desequilibrar o pleito, em um munic\u00edpio com pouco mais de 7 mil eleitores e uma diferen\u00e7a final de apenas 418 votos.<\/strong><\/p>\n<p><strong>A decis\u00e3o tamb\u00e9m determinou o envio dos autos ao Minist\u00e9rio P\u00fablico do Estado da Bahia, para investiga\u00e7\u00e3o de poss\u00edveis atos de improbidade administrativa relacionados \u00e0 gest\u00e3o das licen\u00e7as-pr\u00eamio e \u00e0 utiliza\u00e7\u00e3o de servidores em campanha.<\/strong><\/p>\n<p><strong>Consequ\u00eancias pol\u00edticas<\/strong><\/p>\n<p><strong>Com a cassa\u00e7\u00e3o, Val\u00e9ria Silveira e Kayque Jardim perdem imediatamente os mandatos e ficam ineleg\u00edveis at\u00e9 2032, ap\u00f3s o tr\u00e2nsito em julgado. Al\u00e9m das multas aplicadas individualmente, a coliga\u00e7\u00e3o \u201cMaiquinique Segue Avan\u00e7ando\u201d tamb\u00e9m foi condenada solidariamente ao pagamento de multa de R$ 10 mil.<\/strong><\/p>\n<p><strong>A senten\u00e7a ressalta que \u201cas pr\u00e1ticas constatadas ferem de morte o princ\u00edpio democr\u00e1tico, a liberdade do voto e a lisura do processo eleitoral\u201d, refor\u00e7ando que o abuso de poder pol\u00edtico deve ser combatido com rigor, especialmente em munic\u00edpios do interior, onde a depend\u00eancia econ\u00f4mica e social da popula\u00e7\u00e3o amplia a gravidade das irregularidades. \/\/<em>Informa\u00e7\u00f5es<\/em> <em>Cr\u00f4nicas Itarantim<\/em><\/strong><\/p>\n<p><img loading=\"lazy\" decoding=\"async\" class=\"alignnone size-full wp-image-123543\" src=\"https:\/\/www.sudoestehoje.com.br\/novoportal\/wp-content\/uploads\/2025\/09\/Imagem-do-WhatsApp-de-2025-09-23-as-10.18.09_6ea1a5e9.jpg\" alt=\"\" width=\"692\" height=\"800\" \/><\/p>\n","protected":false},"excerpt":{"rendered":"<p>A Justi\u00e7a Eleitoral da 91\u00aa Zona, com sede em Macarani, acaba de proferir senten\u00e7a hist\u00f3rica: os mandatos da prefeita de Maiquinique, Val\u00e9ria Ferreira Silveira Moreira, e de seu vice, Kayque Jardim de Oliveira, foram cassados. Al\u00e9m disso, ambos foram declarados ineleg\u00edveis por oito anos e receberam multas no valor de R$ 20 mil cada (R$ [&hellip;]<\/p>\n","protected":false},"author":2,"featured_media":123544,"comment_status":"closed","ping_status":"open","sticky":false,"template":"","format":"standard","meta":{"footnotes":"","_links_to":"","_links_to_target":""},"categories":[1],"tags":[],"class_list":["post-123542","post","type-post","status-publish","format-standard","has-post-thumbnail","hentry","category-geral"],"views":972,"_links":{"self":[{"href":"https:\/\/www.sudoestehoje.com.br\/novoportal\/wp-json\/wp\/v2\/posts\/123542","targetHints":{"allow":["GET"]}}],"collection":[{"href":"https:\/\/www.sudoestehoje.com.br\/novoportal\/wp-json\/wp\/v2\/posts"}],"about":[{"href":"https:\/\/www.sudoestehoje.com.br\/novoportal\/wp-json\/wp\/v2\/types\/post"}],"author":[{"embeddable":true,"href":"https:\/\/www.sudoestehoje.com.br\/novoportal\/wp-json\/wp\/v2\/users\/2"}],"replies":[{"embeddable":true,"href":"https:\/\/www.sudoestehoje.com.br\/novoportal\/wp-json\/wp\/v2\/comments?post=123542"}],"version-history":[{"count":3,"href":"https:\/\/www.sudoestehoje.com.br\/novoportal\/wp-json\/wp\/v2\/posts\/123542\/revisions"}],"predecessor-version":[{"id":123547,"href":"https:\/\/www.sudoestehoje.com.br\/novoportal\/wp-json\/wp\/v2\/posts\/123542\/revisions\/123547"}],"wp:featuredmedia":[{"embeddable":true,"href":"https:\/\/www.sudoestehoje.com.br\/novoportal\/wp-json\/wp\/v2\/media\/123544"}],"wp:attachment":[{"href":"https:\/\/www.sudoestehoje.com.br\/novoportal\/wp-json\/wp\/v2\/media?parent=123542"}],"wp:term":[{"taxonomy":"category","embeddable":true,"href":"https:\/\/www.sudoestehoje.com.br\/novoportal\/wp-json\/wp\/v2\/categories?post=123542"},{"taxonomy":"post_tag","embeddable":true,"href":"https:\/\/www.sudoestehoje.com.br\/novoportal\/wp-json\/wp\/v2\/tags?post=123542"}],"curies":[{"name":"wp","href":"https:\/\/api.w.org\/{rel}","templated":true}]}}