
{"id":123537,"date":"2025-09-23T08:53:35","date_gmt":"2025-09-23T11:53:35","guid":{"rendered":"https:\/\/www.sudoestehoje.com.br\/novoportal\/?p=123537"},"modified":"2025-09-23T08:53:35","modified_gmt":"2025-09-23T11:53:35","slug":"adab-apreende-100-quilos-de-carne-infectada-com-tuberculose-em-ibicarai","status":"publish","type":"post","link":"https:\/\/www.sudoestehoje.com.br\/novoportal\/2025\/09\/23\/adab-apreende-100-quilos-de-carne-infectada-com-tuberculose-em-ibicarai\/","title":{"rendered":"ADAB APREENDE 100 QUILOS DE CARNE INFECTADA COM TUBERCULOSE EM IBICARA\u00cd"},"content":{"rendered":"<p><img loading=\"lazy\" decoding=\"async\" class=\"alignnone size-full wp-image-123538\" src=\"https:\/\/www.sudoestehoje.com.br\/novoportal\/wp-content\/uploads\/2025\/09\/Imagem-do-WhatsApp-de-2025-09-23-as-08.50.47_e101bbe0.jpg\" alt=\"\" width=\"1079\" height=\"678\" \/><\/p>\n<p>Cem quilos de carne infectados com tuberculose bovina foram apreendidos na cidade de Ibicara\u00ed, no sul da Bahia, no \u00faltimo s\u00e1bado (20). A mercadoria foi encontrada pela Ag\u00eancia de Defesa da <a class=\"x1i10hfl xjbqb8w x1ejq31n x18oe1m7 x1sy0etr xstzfhl x972fbf x10w94by x1qhh985 x14e42zd x9f619 x1ypdohk xt0psk2 x3ct3a4 xdj266r x14z9mp xat24cr x1lziwak xexx8yu xyri2b x18d9i69 x1c1uobl x16tdsg8 x1hl2dhg xggy1nq x1a2a7pz  _aa9_ _a6hd\" tabindex=\"0\" role=\"link\" href=\"https:\/\/www.instagram.com\/explore\/tags\/agropecu%C3%A1ria\/\">#Agropecu\u00e1ria<\/a> da Bahia (Adab) ap\u00f3s den\u00fancia.<\/p>\n<p>A a\u00e7\u00e3o, conjunta com a Vigil\u00e2ncia Sanit\u00e1ria do munic\u00edpio, encontrou as carnes guardadas em uma \u00e1rea p\u00fablica destinada pela prefeitura a a\u00e7ougueiros da cidade.\u00a0O dono das carnes n\u00e3o foi encontrado e a Adab gerou termos de apreens\u00e3o e inutiliza\u00e7\u00e3o para destruir o material.<\/p>\n<p>Na regi\u00e3o, ainda predomina o abate clandestino de animais para consumo humano, \u00e0 margem de qualquer tipo de fiscaliza\u00e7\u00e3o sanit\u00e1ria.<\/p>\n","protected":false},"excerpt":{"rendered":"<p>Cem quilos de carne infectados com tuberculose bovina foram apreendidos na cidade de Ibicara\u00ed, no sul da Bahia, no \u00faltimo s\u00e1bado (20). A mercadoria foi encontrada pela Ag\u00eancia de Defesa da #Agropecu\u00e1ria da Bahia (Adab) ap\u00f3s den\u00fancia. A a\u00e7\u00e3o, conjunta com a Vigil\u00e2ncia Sanit\u00e1ria do munic\u00edpio, encontrou as carnes guardadas em uma \u00e1rea p\u00fablica destinada [&hellip;]<\/p>\n","protected":false},"author":2,"featured_media":123538,"comment_status":"closed","ping_status":"open","sticky":false,"template":"","format":"standard","meta":{"footnotes":"","_links_to":"","_links_to_target":""},"categories":[1],"tags":[],"class_list":["post-123537","post","type-post","status-publish","format-standard","has-post-thumbnail","hentry","category-geral"],"views":766,"_links":{"self":[{"href":"https:\/\/www.sudoestehoje.com.br\/novoportal\/wp-json\/wp\/v2\/posts\/123537","targetHints":{"allow":["GET"]}}],"collection":[{"href":"https:\/\/www.sudoestehoje.com.br\/novoportal\/wp-json\/wp\/v2\/posts"}],"about":[{"href":"https:\/\/www.sudoestehoje.com.br\/novoportal\/wp-json\/wp\/v2\/types\/post"}],"author":[{"embeddable":true,"href":"https:\/\/www.sudoestehoje.com.br\/novoportal\/wp-json\/wp\/v2\/users\/2"}],"replies":[{"embeddable":true,"href":"https:\/\/www.sudoestehoje.com.br\/novoportal\/wp-json\/wp\/v2\/comments?post=123537"}],"version-history":[{"count":2,"href":"https:\/\/www.sudoestehoje.com.br\/novoportal\/wp-json\/wp\/v2\/posts\/123537\/revisions"}],"predecessor-version":[{"id":123540,"href":"https:\/\/www.sudoestehoje.com.br\/novoportal\/wp-json\/wp\/v2\/posts\/123537\/revisions\/123540"}],"wp:featuredmedia":[{"embeddable":true,"href":"https:\/\/www.sudoestehoje.com.br\/novoportal\/wp-json\/wp\/v2\/media\/123538"}],"wp:attachment":[{"href":"https:\/\/www.sudoestehoje.com.br\/novoportal\/wp-json\/wp\/v2\/media?parent=123537"}],"wp:term":[{"taxonomy":"category","embeddable":true,"href":"https:\/\/www.sudoestehoje.com.br\/novoportal\/wp-json\/wp\/v2\/categories?post=123537"},{"taxonomy":"post_tag","embeddable":true,"href":"https:\/\/www.sudoestehoje.com.br\/novoportal\/wp-json\/wp\/v2\/tags?post=123537"}],"curies":[{"name":"wp","href":"https:\/\/api.w.org\/{rel}","templated":true}]}}