
{"id":123528,"date":"2025-09-21T17:12:55","date_gmt":"2025-09-21T20:12:55","guid":{"rendered":"https:\/\/www.sudoestehoje.com.br\/novoportal\/?p=123528"},"modified":"2025-09-21T17:26:45","modified_gmt":"2025-09-21T20:26:45","slug":"itapetinga-preocupada-com-estado-de-saude-do-lider-michel-hagge","status":"publish","type":"post","link":"https:\/\/www.sudoestehoje.com.br\/novoportal\/2025\/09\/21\/itapetinga-preocupada-com-estado-de-saude-do-lider-michel-hagge\/","title":{"rendered":"ITAPETINGA PREOCUPADA COM ESTADO DE SA\u00daDE DO L\u00cdDER MICHEL HAGGE"},"content":{"rendered":"<p><img loading=\"lazy\" decoding=\"async\" class=\"alignnone size-full wp-image-123529\" src=\"https:\/\/www.sudoestehoje.com.br\/novoportal\/wp-content\/uploads\/2025\/09\/WhatsApp-Image-2022-12-05-at-09.09.36-1-500x355-1.jpeg\" alt=\"\" width=\"500\" height=\"355\" \/><\/p>\n<p><strong>Na manh\u00e3 deste domingo (21), em Itapetinga, o l\u00edder pol\u00edtico Michel Hagge passou mal em sua resid\u00eancia e teve que ser internado \u00e0s pressas numa cl\u00ednica particular, sendo depois removido para uma UTI no Hospital Samur, em Vit\u00f3ria da Conquista.<\/strong><\/p>\n<p><strong>Michel tem 97 anos de idade e j\u00e1 passou por diversos procedimentos cir\u00fargicos durante sua vida, mas vem resistindo a tudo e levando uma vida normal, considerando a sua idade avan\u00e7ada.<\/strong><\/p>\n<p><strong>Militante na pol\u00edtica local e estadual desde a d\u00e9cada de 1950, Michel foi prefeito de Itapetinga por tr\u00eas mandatos alternados e deputado estadual por duas vezes, al\u00e9m de ajudar a eleger sua filha Virg\u00ednia como vereadora e deputada estadual, o neto Rodrigo Hagge e o filho Eduardo como prefeitos do munic\u00edpio, demonstrando enorme for\u00e7a e prest\u00edgio pol\u00edtico no Estado.<\/strong><\/p>\n<p><strong>O Sudoeste Hoje manteve contato com Eduardo e Rodrigo, sendo informado que o quadro de sa\u00fade do nosso l\u00edder \u00e9 grave, em fun\u00e7\u00e3o da idade.<\/strong><\/p>\n<p><strong>Itapetinga reza e ora pelo restabelecimento da sa\u00fade de Michel.<\/strong><\/p>\n<p><strong>Por Davi Ferraz<\/strong><\/p>\n<p>&nbsp;<\/p>\n","protected":false},"excerpt":{"rendered":"<p>Na manh\u00e3 deste domingo (21), em Itapetinga, o l\u00edder pol\u00edtico Michel Hagge passou mal em sua resid\u00eancia e teve que ser internado \u00e0s pressas numa cl\u00ednica particular, sendo depois removido para uma UTI no Hospital Samur, em Vit\u00f3ria da Conquista. Michel tem 97 anos de idade e j\u00e1 passou por diversos procedimentos cir\u00fargicos durante sua [&hellip;]<\/p>\n","protected":false},"author":2,"featured_media":123529,"comment_status":"closed","ping_status":"open","sticky":false,"template":"","format":"standard","meta":{"footnotes":"","_links_to":"","_links_to_target":""},"categories":[1],"tags":[],"class_list":["post-123528","post","type-post","status-publish","format-standard","has-post-thumbnail","hentry","category-geral"],"views":1129,"_links":{"self":[{"href":"https:\/\/www.sudoestehoje.com.br\/novoportal\/wp-json\/wp\/v2\/posts\/123528","targetHints":{"allow":["GET"]}}],"collection":[{"href":"https:\/\/www.sudoestehoje.com.br\/novoportal\/wp-json\/wp\/v2\/posts"}],"about":[{"href":"https:\/\/www.sudoestehoje.com.br\/novoportal\/wp-json\/wp\/v2\/types\/post"}],"author":[{"embeddable":true,"href":"https:\/\/www.sudoestehoje.com.br\/novoportal\/wp-json\/wp\/v2\/users\/2"}],"replies":[{"embeddable":true,"href":"https:\/\/www.sudoestehoje.com.br\/novoportal\/wp-json\/wp\/v2\/comments?post=123528"}],"version-history":[{"count":2,"href":"https:\/\/www.sudoestehoje.com.br\/novoportal\/wp-json\/wp\/v2\/posts\/123528\/revisions"}],"predecessor-version":[{"id":123531,"href":"https:\/\/www.sudoestehoje.com.br\/novoportal\/wp-json\/wp\/v2\/posts\/123528\/revisions\/123531"}],"wp:featuredmedia":[{"embeddable":true,"href":"https:\/\/www.sudoestehoje.com.br\/novoportal\/wp-json\/wp\/v2\/media\/123529"}],"wp:attachment":[{"href":"https:\/\/www.sudoestehoje.com.br\/novoportal\/wp-json\/wp\/v2\/media?parent=123528"}],"wp:term":[{"taxonomy":"category","embeddable":true,"href":"https:\/\/www.sudoestehoje.com.br\/novoportal\/wp-json\/wp\/v2\/categories?post=123528"},{"taxonomy":"post_tag","embeddable":true,"href":"https:\/\/www.sudoestehoje.com.br\/novoportal\/wp-json\/wp\/v2\/tags?post=123528"}],"curies":[{"name":"wp","href":"https:\/\/api.w.org\/{rel}","templated":true}]}}