
{"id":12351,"date":"2012-01-25T00:02:03","date_gmt":"2012-01-25T03:02:03","guid":{"rendered":"http:\/\/www.sudoestehoje.com.br\/novoportal\/?p=12351"},"modified":"2012-01-25T00:01:20","modified_gmt":"2012-01-25T03:01:20","slug":"aumentam-rumores-sobre-saida-da-azaleia-de-itapetinga","status":"publish","type":"post","link":"https:\/\/www.sudoestehoje.com.br\/novoportal\/2012\/01\/25\/aumentam-rumores-sobre-saida-da-azaleia-de-itapetinga\/","title":{"rendered":"AUMENTAM RUMORES SOBRE SA\u00cdDA DA AZAL\u00c9IA DE ITAPETINGA"},"content":{"rendered":"<p><img decoding=\"async\" class=\"aligncenter\" src=\"http:\/\/www.bahia247.com.br\/get_img?ImageWidth=651&amp;ImageId=14498\" alt=\"\" width=\"400\" \/><\/p>\n<p style=\"text-align: center;\"><strong><em>F\u00e1brica da Vulcabr\u00e1s\/Azal\u00e9ia em Itapetinga<\/em><\/strong><\/p>\n<p>ITAPETINGA: O pior dos nossos pesadelos, segundo rumores que circulam nos meios pol\u00edticos e gabinetes da capital do Estado, est\u00e1 para acontecer. A sa\u00edda definitiva da f\u00e1brica de cal\u00e7ados Vulcabr\u00e1s\/Azal\u00e9ia da nossa regi\u00e3o. A informa\u00e7\u00e3o, que vem circulando de &#8216;boca pequena&#8217; nos meios palacianos em Salvador, d\u00e1 conta de que a empresa j\u00e1 teria decidido se transferir para o Cear\u00e1 e \u00cdndia, onde teria encontrado &#8216;terreno mais f\u00e9rtil&#8217; que na Bahia. Aqui, a Vulcabr\u00e1s trava uma guerra particular com o Governo do Estado, que vem perdendo sucessivas batalhas com outros estados nordestinos.<\/p>\n<p>H\u00e1 rumores, inclusive, que o prazo para retirada da Azal\u00e9ia seria de 8 meses, o que teria deixado o governador Wagner imensamente irritado com a dire\u00e7\u00e3o da f\u00e1brica e exigisse a devolu\u00e7\u00e3o de toda a infra-estrutura disponibilizada pelo Governo do Estado, quando da implanta\u00e7\u00e3o da ind\u00fastria cal\u00e7adista na regi\u00e3o. Fala-se, inclusive, que uma ind\u00fastria t\u00eaxtil j\u00e1 estaria sendo sondada para substituir a Azal\u00e9ia.<\/p>\n<p>Circula tamb\u00e9m a informa\u00e7\u00e3o de que um ex-secret\u00e1rio da ind\u00fastria e com\u00e9rcio da Bahia, que hoje ocupa o mesmo cargo em um outro estado do Nordeste, seria um dos articuladores da opera\u00e7\u00e3o, negociando incentivos fiscais com o governo do Cear\u00e1 para facilitar a transfer\u00eancia definitiva da Azal\u00e9ia para aquele Estado.<\/p>\n<p>BAL\u00c3O DE ENSAIO<\/p>\n<p>Segundo fontes ligadas \u00e0 Azal\u00e9ia, o fechamento das seis unidades em Igua\u00ed, Ibicu\u00ed, Itat\u00ed, Potiragu\u00e1, Itarantim e Maiquinique, foi apenas um &#8216;bal\u00e3o de ensaio&#8217; para medir a temperatura e a for\u00e7a do governo, para depois iniciar o processo de desmonte, que deve ser finalizado ainda este ano, em pleno per\u00edodo eleitoral. Agora, que a Azal\u00e9ia j\u00e1 se &#8216;acertou&#8217; com o governo, a opera\u00e7\u00e3o desmonte dever\u00e1 prosseguir, com a desativa\u00e7\u00e3o gradual das f\u00e1bricas em toda a regi\u00e3o, inclusive da matriz em Itapetinga.<\/p>\n<p>TREINAMENTO SIGILOSO<\/p>\n<p>Outra informa\u00e7\u00e3o importante que vem circulando nas \u00faltimas semanas diz respeito ao treinamento &#8216;sigiloso&#8217; de cerca de 60 colaboradores da f\u00e1brica de Itapetinga, para atuarem como coordenadores na implanta\u00e7\u00e3o das novas f\u00e1bricas fora do Estado, pr\u00e1tica que j\u00e1 foi utilizada no Rio Grande do Sul, quando da implanta\u00e7\u00e3o da Azal\u00e9ia em Itapetinga. Os ga\u00fachos vieram, implantaram a f\u00e1brica, treinaram os baianos e agora est\u00e3o sendo enxotados de volta.<\/p>\n<p>APOCALIPSE NOW<\/p>\n<p>A sa\u00edda da Azal\u00e9ia, se vier realmente a se concretizar, transformar\u00e1 Itapetinga em &#8216;terra arrasada&#8217;, sepultando de vez todos os anseios de desenvolvimento e prosperidade e mergulhando toda a regi\u00e3o em um cen\u00e1rio apocal\u00edptico, imposs\u00edvel de ser superado.<\/p>\n<p>Como ningu\u00e9m mais confia na for\u00e7a dos nossos governantes, rezemos e oremos juntos, para que tudo n\u00e3o passe de especula\u00e7\u00e3o. Mas \u00e9 bom que fiquemos prevenidos.<\/p>\n<p><strong><em>Por DAVI FERRAZ<\/em><\/strong><\/p>\n<p>&nbsp;<\/p>\n","protected":false},"excerpt":{"rendered":"<p>F\u00e1brica da Vulcabr\u00e1s\/Azal\u00e9ia em Itapetinga ITAPETINGA: O pior dos nossos pesadelos, segundo rumores que circulam nos meios pol\u00edticos e gabinetes da capital do Estado, est\u00e1 para acontecer. A sa\u00edda definitiva da f\u00e1brica de cal\u00e7ados Vulcabr\u00e1s\/Azal\u00e9ia da nossa regi\u00e3o. A informa\u00e7\u00e3o, que vem circulando de &#8216;boca pequena&#8217; nos meios palacianos em Salvador, d\u00e1 conta de que [&hellip;]<\/p>\n","protected":false},"author":2,"featured_media":0,"comment_status":"open","ping_status":"open","sticky":false,"template":"","format":"standard","meta":{"footnotes":"","_links_to":"","_links_to_target":""},"categories":[1],"tags":[],"class_list":["post-12351","post","type-post","status-publish","format-standard","hentry","category-geral"],"views":1784,"_links":{"self":[{"href":"https:\/\/www.sudoestehoje.com.br\/novoportal\/wp-json\/wp\/v2\/posts\/12351","targetHints":{"allow":["GET"]}}],"collection":[{"href":"https:\/\/www.sudoestehoje.com.br\/novoportal\/wp-json\/wp\/v2\/posts"}],"about":[{"href":"https:\/\/www.sudoestehoje.com.br\/novoportal\/wp-json\/wp\/v2\/types\/post"}],"author":[{"embeddable":true,"href":"https:\/\/www.sudoestehoje.com.br\/novoportal\/wp-json\/wp\/v2\/users\/2"}],"replies":[{"embeddable":true,"href":"https:\/\/www.sudoestehoje.com.br\/novoportal\/wp-json\/wp\/v2\/comments?post=12351"}],"version-history":[{"count":3,"href":"https:\/\/www.sudoestehoje.com.br\/novoportal\/wp-json\/wp\/v2\/posts\/12351\/revisions"}],"predecessor-version":[{"id":12356,"href":"https:\/\/www.sudoestehoje.com.br\/novoportal\/wp-json\/wp\/v2\/posts\/12351\/revisions\/12356"}],"wp:attachment":[{"href":"https:\/\/www.sudoestehoje.com.br\/novoportal\/wp-json\/wp\/v2\/media?parent=12351"}],"wp:term":[{"taxonomy":"category","embeddable":true,"href":"https:\/\/www.sudoestehoje.com.br\/novoportal\/wp-json\/wp\/v2\/categories?post=12351"},{"taxonomy":"post_tag","embeddable":true,"href":"https:\/\/www.sudoestehoje.com.br\/novoportal\/wp-json\/wp\/v2\/tags?post=12351"}],"curies":[{"name":"wp","href":"https:\/\/api.w.org\/{rel}","templated":true}]}}