
{"id":123503,"date":"2025-09-19T10:03:58","date_gmt":"2025-09-19T13:03:58","guid":{"rendered":"https:\/\/www.sudoestehoje.com.br\/novoportal\/?p=123503"},"modified":"2025-09-19T10:03:58","modified_gmt":"2025-09-19T13:03:58","slug":"firjan-mais-de-70-dos-municipios-da-bahia-enfrentam-situacao-fiscal-dificil-ou-critica","status":"publish","type":"post","link":"https:\/\/www.sudoestehoje.com.br\/novoportal\/2025\/09\/19\/firjan-mais-de-70-dos-municipios-da-bahia-enfrentam-situacao-fiscal-dificil-ou-critica\/","title":{"rendered":"FIRJAN | MAIS DE 70% DOS MUNIC\u00cdPIOS DA BAHIA ENFRENTAM SITUA\u00c7\u00c3O FISCAL DIF\u00cdCIL OU CR\u00cdTICA"},"content":{"rendered":"<p><img loading=\"lazy\" decoding=\"async\" class=\"alignnone size-full wp-image-123152\" src=\"https:\/\/www.sudoestehoje.com.br\/novoportal\/wp-content\/uploads\/2025\/08\/Imagem-do-WhatsApp-de-2025-08-19-as-09.50.07_049b6557.jpg\" alt=\"\" width=\"1600\" height=\"901\" \/><\/p>\n<p><strong>Um levantamento da Federa\u00e7\u00e3o das Ind\u00fastrias do Rio de Janeiro (Firjan) revelou que 71,3% dos munic\u00edpios baianos est\u00e3o em situa\u00e7\u00e3o fiscal dif\u00edcil ou cr\u00edtica. Os dados fazem parte da nova edi\u00e7\u00e3o do \u00cdndice Firjan de Gest\u00e3o Fiscal (IFGF), que analisou 369 cidades do estado, ou 88,5% das 417. As informa\u00e7\u00f5es t\u00eam como base o ano de 2024.<\/strong><\/p>\n<p><strong>A Bahia registrou nota m\u00e9dia de 0,5019 ponto, desempenho 23,2% abaixo da m\u00e9dia nacional (0,6531). Segundo a metodologia do estudo, \u00edndices abaixo de 0,4 indicam situa\u00e7\u00e3o cr\u00edtica; entre 0,4 e 0,6, dificuldade; de 0,6 a 0,8, boa gest\u00e3o; e acima de 0,8, excel\u00eancia.<\/strong><\/p>\n<p><strong>Apesar do quadro desfavor\u00e1vel, 24,9% das prefeituras baianas apresentaram boa gest\u00e3o fiscal e 3,8% alcan\u00e7aram n\u00edvel de excel\u00eancia em 2024.<\/strong><\/p>\n<p><strong>Autonomia: foi o mais preocupante, com m\u00e9dia de 0,1818 ponto, 58,7% abaixo da nacional. Em 156 cidades, caso de\u00a0C\u00edcero Dantas\u00a0e\u00a0Cip\u00f3, no Nordeste baiano, e\u00a0Central, na regi\u00e3o de Irec\u00ea, Centro Norte,\u00a0o \u00edndice foi zero, evidenciando\u00a0total depend\u00eancia de repasses federais.<\/strong><\/p>\n<p><strong>Itapetinga ocupa a 21\u00aa coloca\u00e7\u00e3o no ranking consolidado dos munic\u00edpios baianos.\u00a0<\/strong><\/p>\n<p><strong>GASTOS COM PESSOAL<\/strong><\/p>\n<p><strong>Das 369 prefeituras, 234 obtiveram conceito bom ou excelente. Por\u00e9m, 86 ultrapassaram o limite de alerta da Lei de Responsabilidade Fiscal (mais de 54% da receita com pessoal) e 20 excederam o teto de 60%.\u00a0<\/strong><\/p>\n<p><strong>Investimentos: foi o destaque positivo, com m\u00e9dia de 0,6268 ponto. Mais da metade das cidades (50,9%) apresentou elevado n\u00edvel de investimento, e 90 prefeituras obtiveram nota m\u00e1xima.<\/strong><\/p>\n","protected":false},"excerpt":{"rendered":"<p>Um levantamento da Federa\u00e7\u00e3o das Ind\u00fastrias do Rio de Janeiro (Firjan) revelou que 71,3% dos munic\u00edpios baianos est\u00e3o em situa\u00e7\u00e3o fiscal dif\u00edcil ou cr\u00edtica. Os dados fazem parte da nova edi\u00e7\u00e3o do \u00cdndice Firjan de Gest\u00e3o Fiscal (IFGF), que analisou 369 cidades do estado, ou 88,5% das 417. As informa\u00e7\u00f5es t\u00eam como base o ano [&hellip;]<\/p>\n","protected":false},"author":2,"featured_media":123197,"comment_status":"closed","ping_status":"open","sticky":false,"template":"","format":"standard","meta":{"footnotes":"","_links_to":"","_links_to_target":""},"categories":[1],"tags":[],"class_list":["post-123503","post","type-post","status-publish","format-standard","has-post-thumbnail","hentry","category-geral"],"views":703,"_links":{"self":[{"href":"https:\/\/www.sudoestehoje.com.br\/novoportal\/wp-json\/wp\/v2\/posts\/123503","targetHints":{"allow":["GET"]}}],"collection":[{"href":"https:\/\/www.sudoestehoje.com.br\/novoportal\/wp-json\/wp\/v2\/posts"}],"about":[{"href":"https:\/\/www.sudoestehoje.com.br\/novoportal\/wp-json\/wp\/v2\/types\/post"}],"author":[{"embeddable":true,"href":"https:\/\/www.sudoestehoje.com.br\/novoportal\/wp-json\/wp\/v2\/users\/2"}],"replies":[{"embeddable":true,"href":"https:\/\/www.sudoestehoje.com.br\/novoportal\/wp-json\/wp\/v2\/comments?post=123503"}],"version-history":[{"count":8,"href":"https:\/\/www.sudoestehoje.com.br\/novoportal\/wp-json\/wp\/v2\/posts\/123503\/revisions"}],"predecessor-version":[{"id":123512,"href":"https:\/\/www.sudoestehoje.com.br\/novoportal\/wp-json\/wp\/v2\/posts\/123503\/revisions\/123512"}],"wp:featuredmedia":[{"embeddable":true,"href":"https:\/\/www.sudoestehoje.com.br\/novoportal\/wp-json\/wp\/v2\/media\/123197"}],"wp:attachment":[{"href":"https:\/\/www.sudoestehoje.com.br\/novoportal\/wp-json\/wp\/v2\/media?parent=123503"}],"wp:term":[{"taxonomy":"category","embeddable":true,"href":"https:\/\/www.sudoestehoje.com.br\/novoportal\/wp-json\/wp\/v2\/categories?post=123503"},{"taxonomy":"post_tag","embeddable":true,"href":"https:\/\/www.sudoestehoje.com.br\/novoportal\/wp-json\/wp\/v2\/tags?post=123503"}],"curies":[{"name":"wp","href":"https:\/\/api.w.org\/{rel}","templated":true}]}}