
{"id":123491,"date":"2025-09-18T09:00:54","date_gmt":"2025-09-18T12:00:54","guid":{"rendered":"https:\/\/www.sudoestehoje.com.br\/novoportal\/?p=123491"},"modified":"2025-09-18T09:11:40","modified_gmt":"2025-09-18T12:11:40","slug":"descarte-clandestino-de-lixo-domestico-e-entulho-no-recanto-da-colina-e-revoltante","status":"publish","type":"post","link":"https:\/\/www.sudoestehoje.com.br\/novoportal\/2025\/09\/18\/descarte-clandestino-de-lixo-domestico-e-entulho-no-recanto-da-colina-e-revoltante\/","title":{"rendered":"DESCARTE DE LIXO DOM\u00c9STICO E ENTULHO NO RECANTO DA COLINA ATRAI URUBUS"},"content":{"rendered":"<p><img loading=\"lazy\" decoding=\"async\" class=\"alignnone size-full wp-image-123493\" src=\"https:\/\/www.sudoestehoje.com.br\/novoportal\/wp-content\/uploads\/2025\/09\/Imagem-do-WhatsApp-de-2025-09-16-as-18.05.54_3da01622.jpg\" alt=\"\" width=\"1600\" height=\"900\" \/><\/p>\n<p><strong>O bairro Recanto da Colina, que j\u00e1 foi tido com &#8220;bairro das mans\u00f5es e dos ricos&#8221; de Itapetinga, continua com infraestrutura deficiente e necessita de mais aten\u00e7\u00e3o por parte do poder p\u00fablico.<\/strong><\/p>\n<p><strong>Al\u00e9m da aus\u00eancia total de infraestrutura, o bairro vem sofrendo com o descarte de entulhos e lixo dom\u00e9stico em uma das suas principais avenidas, o que atrai urubus e outros animais pe\u00e7onhentos, como escorpi\u00f5es.<\/strong><\/p>\n<p><strong>Na Av. Estados Unidos, entre a Cooedita e o Assa\u00ed, montanhas de entulhos foram descartados numa \u00e1rea verde, amea\u00e7ando, inclusive, o curso de um riacho que desagua na baixada da Cooleite e no rio Catol\u00e9.<\/strong><\/p>\n<p><strong>A prefeitura foi informada pelo Sudoeste Hoje e garante que vai tomar provid\u00eancias.<\/strong><\/p>\n<p><strong>O moradores do bairro reclamam do eterno abandono que j\u00e1 vem de d\u00e9cadas e pede a pavimenta\u00e7\u00e3o do trecho entre a Cooedita e a Cl\u00ednica de Hemodi\u00e1lise SARE, pelo menos, para marcar o in\u00edcio da recupera\u00e7\u00e3o do bairro.<\/strong><\/p>\n<p><strong>O prefeito Eduardo Hagge reconhece a necessidade de atuar no bairro e deve implementar algumas melhorias na sua infraestrutura, com pavimenta\u00e7\u00e3o de ruas e saneamento.\u00a0<\/strong><\/p>\n<p><strong>Por Davi Ferraz<\/strong><\/p>\n","protected":false},"excerpt":{"rendered":"<p>O bairro Recanto da Colina, que j\u00e1 foi tido com &#8220;bairro das mans\u00f5es e dos ricos&#8221; de Itapetinga, continua com infraestrutura deficiente e necessita de mais aten\u00e7\u00e3o por parte do poder p\u00fablico. Al\u00e9m da aus\u00eancia total de infraestrutura, o bairro vem sofrendo com o descarte de entulhos e lixo dom\u00e9stico em uma das suas principais [&hellip;]<\/p>\n","protected":false},"author":2,"featured_media":123493,"comment_status":"closed","ping_status":"open","sticky":false,"template":"","format":"standard","meta":{"footnotes":"","_links_to":"","_links_to_target":""},"categories":[1],"tags":[],"class_list":["post-123491","post","type-post","status-publish","format-standard","has-post-thumbnail","hentry","category-geral"],"views":752,"_links":{"self":[{"href":"https:\/\/www.sudoestehoje.com.br\/novoportal\/wp-json\/wp\/v2\/posts\/123491","targetHints":{"allow":["GET"]}}],"collection":[{"href":"https:\/\/www.sudoestehoje.com.br\/novoportal\/wp-json\/wp\/v2\/posts"}],"about":[{"href":"https:\/\/www.sudoestehoje.com.br\/novoportal\/wp-json\/wp\/v2\/types\/post"}],"author":[{"embeddable":true,"href":"https:\/\/www.sudoestehoje.com.br\/novoportal\/wp-json\/wp\/v2\/users\/2"}],"replies":[{"embeddable":true,"href":"https:\/\/www.sudoestehoje.com.br\/novoportal\/wp-json\/wp\/v2\/comments?post=123491"}],"version-history":[{"count":6,"href":"https:\/\/www.sudoestehoje.com.br\/novoportal\/wp-json\/wp\/v2\/posts\/123491\/revisions"}],"predecessor-version":[{"id":123498,"href":"https:\/\/www.sudoestehoje.com.br\/novoportal\/wp-json\/wp\/v2\/posts\/123491\/revisions\/123498"}],"wp:featuredmedia":[{"embeddable":true,"href":"https:\/\/www.sudoestehoje.com.br\/novoportal\/wp-json\/wp\/v2\/media\/123493"}],"wp:attachment":[{"href":"https:\/\/www.sudoestehoje.com.br\/novoportal\/wp-json\/wp\/v2\/media?parent=123491"}],"wp:term":[{"taxonomy":"category","embeddable":true,"href":"https:\/\/www.sudoestehoje.com.br\/novoportal\/wp-json\/wp\/v2\/categories?post=123491"},{"taxonomy":"post_tag","embeddable":true,"href":"https:\/\/www.sudoestehoje.com.br\/novoportal\/wp-json\/wp\/v2\/tags?post=123491"}],"curies":[{"name":"wp","href":"https:\/\/api.w.org\/{rel}","templated":true}]}}