
{"id":123454,"date":"2025-09-16T07:23:23","date_gmt":"2025-09-16T10:23:23","guid":{"rendered":"https:\/\/www.sudoestehoje.com.br\/novoportal\/?p=123454"},"modified":"2025-09-16T07:23:23","modified_gmt":"2025-09-16T10:23:23","slug":"pre-candidatura-de-jayme-a-deputado-federal-tem-repercussao-na-midia-nacional","status":"publish","type":"post","link":"https:\/\/www.sudoestehoje.com.br\/novoportal\/2025\/09\/16\/pre-candidatura-de-jayme-a-deputado-federal-tem-repercussao-na-midia-nacional\/","title":{"rendered":"PR\u00c9-CANDIDATURA DE JAYME A DEPUTADO FEDERAL TEM REPERCUSS\u00c3O NA M\u00cdDIA NACIONAL"},"content":{"rendered":"<section class=\"single-body-thumbnail m-negative-1 lg:mx-0\">\n<figure class=\"wp-caption alignnone img-fluid\"><figcaption class=\"wp-caption-text\"><img loading=\"lazy\" decoding=\"async\" class=\"alignnone size-full wp-image-123456\" src=\"https:\/\/www.sudoestehoje.com.br\/novoportal\/wp-content\/uploads\/2025\/09\/WhatsApp-Image-2025-09-15-at-12.10.11-1.jpeg\" alt=\"\" width=\"701\" height=\"550\" \/><\/figcaption><\/figure>\n<\/section>\n<div class=\"single-content\">\n<p><strong>O ex-ministro Geddel Vieira Lima est\u00e1 articulando a candidatura do primo\u00a0Jayme Vieira Lima, presidente estadual do MDB na Bahia, \u00e0 C\u00e2mara dos Deputados em 2026. Na manh\u00e3 desta segunda-feira (15), ele confirmou o movimento, inicialmente ventilado pela coluna de Igor Gadelha, do Metr\u00f3poles.<\/strong><\/p>\n<blockquote class=\"wp-block-quote is-layout-flow wp-block-quote-is-layout-flow\"><p><strong>\u201cQueremos aumentar a bancada. Meu nome foi colocado e abra\u00e7ado pelos correligion\u00e1rios do partido. Temos lutado muito por essa candidatura de deputado federal, porque entendemos que l\u00e1 podemos fazer mais\u201d, afirmou Jayme em entrevista.<\/strong><\/p><\/blockquote>\n<p><strong>De 2014 a 2018, a fam\u00edlia Vieira Lima era representada na C\u00e2mara por\u00a0L\u00facio, presidente de honra do MDB baiano. L\u00facio, por\u00e9m, n\u00e3o conseguiu se reeleger em 2018.<\/strong><\/p>\n<p><strong>Na \u00faltima quinta-feira (11), Geddel esteve ao lado de Jayme no Congresso Brasileiro de Direito e Sustentabilidade, realizado em Salvador, e postou fotos com o ex-presidente\u00a0Michel Temer (MDB), refor\u00e7ando a articula\u00e7\u00e3o da candidatura da fam\u00edlia para o Congresso.<\/strong><\/p>\n<p><strong>EDUARDO HAGGE APOIA<\/strong><\/p>\n<p><strong>Em Itapetinga, no M\u00e9dio Sudoeste da Bahia, a pr\u00e9-candidatura de Jayminho Vieira Lima ganhou for\u00e7a depois que ele recebeu o apoio do prefeito Eduardo Hagge, filiado hist\u00f3rico do MDB e herdeiro de um dos legados pol\u00edticos mais importantes do interior da Bahia.<\/strong><\/p>\n<p><strong>Filho do l\u00edder pol\u00edtico Michel Hagge, ex-prefeito e deputado estadual, Eduardo vem trabalhando e buscando apoio para o seu novo aliado, que dever\u00e1 obter vota\u00e7\u00e3o expressiva na Capital da Pecu\u00e1ria e regi\u00e3o.<\/strong><\/p>\n<p><strong><em>Por Davi Ferraz &#8211; Com informa\u00e7\u00f5es do site Metr\u00f3poles<\/em><\/strong><\/p>\n<\/div>\n","protected":false},"excerpt":{"rendered":"<p>O ex-ministro Geddel Vieira Lima est\u00e1 articulando a candidatura do primo\u00a0Jayme Vieira Lima, presidente estadual do MDB na Bahia, \u00e0 C\u00e2mara dos Deputados em 2026. Na manh\u00e3 desta segunda-feira (15), ele confirmou o movimento, inicialmente ventilado pela coluna de Igor Gadelha, do Metr\u00f3poles. \u201cQueremos aumentar a bancada. Meu nome foi colocado e abra\u00e7ado pelos correligion\u00e1rios [&hellip;]<\/p>\n","protected":false},"author":2,"featured_media":123456,"comment_status":"closed","ping_status":"open","sticky":false,"template":"","format":"standard","meta":{"footnotes":"","_links_to":"","_links_to_target":""},"categories":[1],"tags":[],"class_list":["post-123454","post","type-post","status-publish","format-standard","has-post-thumbnail","hentry","category-geral"],"views":939,"_links":{"self":[{"href":"https:\/\/www.sudoestehoje.com.br\/novoportal\/wp-json\/wp\/v2\/posts\/123454","targetHints":{"allow":["GET"]}}],"collection":[{"href":"https:\/\/www.sudoestehoje.com.br\/novoportal\/wp-json\/wp\/v2\/posts"}],"about":[{"href":"https:\/\/www.sudoestehoje.com.br\/novoportal\/wp-json\/wp\/v2\/types\/post"}],"author":[{"embeddable":true,"href":"https:\/\/www.sudoestehoje.com.br\/novoportal\/wp-json\/wp\/v2\/users\/2"}],"replies":[{"embeddable":true,"href":"https:\/\/www.sudoestehoje.com.br\/novoportal\/wp-json\/wp\/v2\/comments?post=123454"}],"version-history":[{"count":4,"href":"https:\/\/www.sudoestehoje.com.br\/novoportal\/wp-json\/wp\/v2\/posts\/123454\/revisions"}],"predecessor-version":[{"id":123459,"href":"https:\/\/www.sudoestehoje.com.br\/novoportal\/wp-json\/wp\/v2\/posts\/123454\/revisions\/123459"}],"wp:featuredmedia":[{"embeddable":true,"href":"https:\/\/www.sudoestehoje.com.br\/novoportal\/wp-json\/wp\/v2\/media\/123456"}],"wp:attachment":[{"href":"https:\/\/www.sudoestehoje.com.br\/novoportal\/wp-json\/wp\/v2\/media?parent=123454"}],"wp:term":[{"taxonomy":"category","embeddable":true,"href":"https:\/\/www.sudoestehoje.com.br\/novoportal\/wp-json\/wp\/v2\/categories?post=123454"},{"taxonomy":"post_tag","embeddable":true,"href":"https:\/\/www.sudoestehoje.com.br\/novoportal\/wp-json\/wp\/v2\/tags?post=123454"}],"curies":[{"name":"wp","href":"https:\/\/api.w.org\/{rel}","templated":true}]}}