
{"id":12344,"date":"2012-01-24T17:11:47","date_gmt":"2012-01-24T20:11:47","guid":{"rendered":"http:\/\/www.sudoestehoje.com.br\/novoportal\/?p=12344"},"modified":"2012-01-24T17:11:47","modified_gmt":"2012-01-24T20:11:47","slug":"gabrielli-ficou-sem-combustivel","status":"publish","type":"post","link":"https:\/\/www.sudoestehoje.com.br\/novoportal\/2012\/01\/24\/gabrielli-ficou-sem-combustivel\/","title":{"rendered":"GABRIELLI FICOU SEM COMBUST\u00cdVEL"},"content":{"rendered":"<p><img decoding=\"async\" class=\"aligncenter\" src=\"http:\/\/blogs.diariodepernambuco.com.br\/economia\/wp-content\/uploads\/2012\/01\/S%C3%A9rgio-Gabrielli.jpg\" alt=\"\" width=\"400\" \/><\/p>\n<p>Se tem uma coisa que hoje parece certa \u00e9 que Jos\u00e9 S\u00e9rgio Gabrielli, demitido da Petrobras, n\u00e3o passar\u00e1 nem perto da candidatura a governador da Bahia em 2014. Caso tal ideia j\u00e1 tenha pairado pela cabe\u00e7a do governador Jaques Wagner, certamente se desfez pela fragilidade de Gabrielli, tanto no aspecto pol\u00edtico quanto\u00a0administrativo.<\/p>\n<p>Em artigo publicado hoje no jornal A Tarde, Samuel Celestino lembra uma defini\u00e7\u00e3o do velho Toninho Malvadeza para pol\u00edticos da marca de Gabrielli. \u201c\u00c9 ineleg\u00edvel\u201d, dizia o velho, e n\u00e3o porque existisse qualquer \u00f3bice na justi\u00e7a eleitoral, mas simplesmene porque o sujeito n\u00e3o tinha voto mesmo.<\/p>\n<p>Se politicamente \u00e9 um zero a esquerda, administrativamente Gabrielli tamb\u00e9m n\u00e3o \u00e9 l\u00e1 essas coisas. Deixa a Petrobras, de certa forma, pela porta dos fundos e sem prest\u00edgio. N\u00e3o saiu porque quis, para dar prioridade a um projeto pol\u00edtico, mas sim porque a presidente Dilma Rousseff j\u00e1 o queria fora do cargo h\u00e1 um bom tempo.<\/p>\n<p>A repercuss\u00e3o do an\u00fancio no mercado financeiro, altamente positiva, com impacto nas bolsas,\u00a0foi uma demonstra\u00e7\u00e3o de como o investidor via a gest\u00e3o de Gabrielli na Petrobras. Um sinal claro de que ele n\u00e3o est\u00e1 com essa bola toda para almejar a condi\u00e7\u00e3o de candidato \u00e0 sucess\u00e3o de Jaques Wagner.<\/p>\n<p>De fato, hoje\u00a0o chefe da Casa Civil, Rui Costa, encontra-se muito mais pr\u00f3ximo de Ondina, pelo patrim\u00f4nio pol\u00edtico acumulado no per\u00edodo em que atuou como secret\u00e1rio das Rela\u00e7\u00f5es Institucionais, eleito em seguida para deputado federal com expressiva vota\u00e7\u00e3o. Agora, Costa amplia sua aproxima\u00e7\u00e3o com prefeitos e lideran\u00e7as regionais, acumulando combust\u00edvel para 2014.<\/p>\n<p>E combust\u00edvel \u00e9 algo que Gabrielli, definitivamente, n\u00e3o tem mais.<\/p>\n","protected":false},"excerpt":{"rendered":"<p>Se tem uma coisa que hoje parece certa \u00e9 que Jos\u00e9 S\u00e9rgio Gabrielli, demitido da Petrobras, n\u00e3o passar\u00e1 nem perto da candidatura a governador da Bahia em 2014. Caso tal ideia j\u00e1 tenha pairado pela cabe\u00e7a do governador Jaques Wagner, certamente se desfez pela fragilidade de Gabrielli, tanto no aspecto pol\u00edtico quanto\u00a0administrativo. Em artigo publicado [&hellip;]<\/p>\n","protected":false},"author":2,"featured_media":0,"comment_status":"open","ping_status":"open","sticky":false,"template":"","format":"standard","meta":{"footnotes":"","_links_to":"","_links_to_target":""},"categories":[1],"tags":[],"class_list":["post-12344","post","type-post","status-publish","format-standard","hentry","category-geral"],"views":1083,"_links":{"self":[{"href":"https:\/\/www.sudoestehoje.com.br\/novoportal\/wp-json\/wp\/v2\/posts\/12344","targetHints":{"allow":["GET"]}}],"collection":[{"href":"https:\/\/www.sudoestehoje.com.br\/novoportal\/wp-json\/wp\/v2\/posts"}],"about":[{"href":"https:\/\/www.sudoestehoje.com.br\/novoportal\/wp-json\/wp\/v2\/types\/post"}],"author":[{"embeddable":true,"href":"https:\/\/www.sudoestehoje.com.br\/novoportal\/wp-json\/wp\/v2\/users\/2"}],"replies":[{"embeddable":true,"href":"https:\/\/www.sudoestehoje.com.br\/novoportal\/wp-json\/wp\/v2\/comments?post=12344"}],"version-history":[{"count":2,"href":"https:\/\/www.sudoestehoje.com.br\/novoportal\/wp-json\/wp\/v2\/posts\/12344\/revisions"}],"predecessor-version":[{"id":12346,"href":"https:\/\/www.sudoestehoje.com.br\/novoportal\/wp-json\/wp\/v2\/posts\/12344\/revisions\/12346"}],"wp:attachment":[{"href":"https:\/\/www.sudoestehoje.com.br\/novoportal\/wp-json\/wp\/v2\/media?parent=12344"}],"wp:term":[{"taxonomy":"category","embeddable":true,"href":"https:\/\/www.sudoestehoje.com.br\/novoportal\/wp-json\/wp\/v2\/categories?post=12344"},{"taxonomy":"post_tag","embeddable":true,"href":"https:\/\/www.sudoestehoje.com.br\/novoportal\/wp-json\/wp\/v2\/tags?post=12344"}],"curies":[{"name":"wp","href":"https:\/\/api.w.org\/{rel}","templated":true}]}}