
{"id":123428,"date":"2025-09-14T21:00:51","date_gmt":"2025-09-15T00:00:51","guid":{"rendered":"https:\/\/www.sudoestehoje.com.br\/novoportal\/?p=123428"},"modified":"2025-09-15T07:07:39","modified_gmt":"2025-09-15T10:07:39","slug":"conquista-familia-denuncia-morte-de-bebe-apos-parto-no-hospital-esau-matos","status":"publish","type":"post","link":"https:\/\/www.sudoestehoje.com.br\/novoportal\/2025\/09\/14\/conquista-familia-denuncia-morte-de-bebe-apos-parto-no-hospital-esau-matos\/","title":{"rendered":"CONQUISTA | FAM\u00cdLIA DENUNCIA MORTE DE BEB\u00ca AP\u00d3S PARTO NO HOSPITAL ESA\u00da MATOS"},"content":{"rendered":"<p><iframe loading=\"lazy\" title=\"Hospital Municipal Esa\u00fa Matos | fam\u00edlia denuncia morte de beb\u00ea ap\u00f3s parto em Vit\u00f3ria da Conquista\" width=\"500\" height=\"281\" src=\"https:\/\/www.youtube.com\/embed\/Dm1I_CHHrRY?start=2&#038;feature=oembed\" frameborder=\"0\" allow=\"accelerometer; autoplay; clipboard-write; encrypted-media; gyroscope; picture-in-picture; web-share\" referrerpolicy=\"strict-origin-when-cross-origin\" allowfullscreen><\/iframe><\/p>\n<p><strong>Uma trag\u00e9dia chocou Vit\u00f3ria da Conquista e reacendeu discuss\u00f5es sobre o atendimento no Hospital Municipal Esa\u00fa Matos. Uma beb\u00ea morreu ap\u00f3s o parto, e a fam\u00edlia denuncia neglig\u00eancia m\u00e9dica. A reportagem foi exibida no Bahia Meio Dia desta quarta-feira (10).<\/strong><\/p>\n<p><strong>Segundo a m\u00e3e, Kelly Prado, de 20 anos, a gesta\u00e7\u00e3o chegou a 41 semanas sem intercorr\u00eancias. Na sexta-feira (6), ela deu entrada na unidade para indu\u00e7\u00e3o do parto, procedimento que se estendeu por mais de 40 horas. Mesmo solicitando cesariana, ouviu da equipe que a beb\u00ea estava bem e que seria necess\u00e1rio aguardar. A cirurgia foi realizada apenas na madrugada de domingo (8). <\/strong><\/p>\n<p><strong>A crian\u00e7a, que se chamaria Hilary Melissa, nasceu com sinais de sofrimento e foi levada a uma sala de estabiliza\u00e7\u00e3o, j\u00e1 que n\u00e3o havia vaga na UTI neonatal. Pouco depois, a fam\u00edlia recebeu a not\u00edcia do falecimento.<\/strong><\/p>\n<p><img loading=\"lazy\" decoding=\"async\" class=\"alignnone size-full wp-image-123437\" src=\"https:\/\/www.sudoestehoje.com.br\/novoportal\/wp-content\/uploads\/2025\/09\/WhatsApp-Image-2021-10-10-at-13.23.15.jpeg\" alt=\"\" width=\"1600\" height=\"1059\" \/><\/p>\n<p><strong>Em nota,<em> \u201co Hospital Municipal Esa\u00fa Matos vem a p\u00fablico manifestar seu profundo pesar diante do tr\u00e1gico desfecho ocorrido com a paciente KPJ, de 20 anos, que deu entrada em nossa unidade no dia 5 de setembro de 2025, \u00e0s 06h54, com 41 semanas de gesta\u00e7\u00e3o e sem sinais de trabalho de parto ativo. Desde a chegada da paciente, toda a equipe m\u00e9dica atuou com a m\u00e1xima responsabilidade, seguindo rigorosamente os protocolos seguros e reconhecidos pelo Minist\u00e9rio da Sa\u00fade. A indu\u00e7\u00e3o do parto foi indicada como medida necess\u00e1ria e recomendada para situa\u00e7\u00f5es de gesta\u00e7\u00e3o avan\u00e7ada sem evolu\u00e7\u00e3o natural do trabalho de parto, sempre visando proteger a vida da m\u00e3e e do beb\u00ea. \/\/Blog do Anderson<\/em><\/strong><\/p>\n","protected":false},"excerpt":{"rendered":"<p>Uma trag\u00e9dia chocou Vit\u00f3ria da Conquista e reacendeu discuss\u00f5es sobre o atendimento no Hospital Municipal Esa\u00fa Matos. Uma beb\u00ea morreu ap\u00f3s o parto, e a fam\u00edlia denuncia neglig\u00eancia m\u00e9dica. A reportagem foi exibida no Bahia Meio Dia desta quarta-feira (10). Segundo a m\u00e3e, Kelly Prado, de 20 anos, a gesta\u00e7\u00e3o chegou a 41 semanas sem [&hellip;]<\/p>\n","protected":false},"author":2,"featured_media":123437,"comment_status":"closed","ping_status":"open","sticky":false,"template":"","format":"standard","meta":{"footnotes":"","_links_to":"","_links_to_target":""},"categories":[1],"tags":[],"class_list":["post-123428","post","type-post","status-publish","format-standard","has-post-thumbnail","hentry","category-geral"],"views":348,"_links":{"self":[{"href":"https:\/\/www.sudoestehoje.com.br\/novoportal\/wp-json\/wp\/v2\/posts\/123428","targetHints":{"allow":["GET"]}}],"collection":[{"href":"https:\/\/www.sudoestehoje.com.br\/novoportal\/wp-json\/wp\/v2\/posts"}],"about":[{"href":"https:\/\/www.sudoestehoje.com.br\/novoportal\/wp-json\/wp\/v2\/types\/post"}],"author":[{"embeddable":true,"href":"https:\/\/www.sudoestehoje.com.br\/novoportal\/wp-json\/wp\/v2\/users\/2"}],"replies":[{"embeddable":true,"href":"https:\/\/www.sudoestehoje.com.br\/novoportal\/wp-json\/wp\/v2\/comments?post=123428"}],"version-history":[{"count":5,"href":"https:\/\/www.sudoestehoje.com.br\/novoportal\/wp-json\/wp\/v2\/posts\/123428\/revisions"}],"predecessor-version":[{"id":123438,"href":"https:\/\/www.sudoestehoje.com.br\/novoportal\/wp-json\/wp\/v2\/posts\/123428\/revisions\/123438"}],"wp:featuredmedia":[{"embeddable":true,"href":"https:\/\/www.sudoestehoje.com.br\/novoportal\/wp-json\/wp\/v2\/media\/123437"}],"wp:attachment":[{"href":"https:\/\/www.sudoestehoje.com.br\/novoportal\/wp-json\/wp\/v2\/media?parent=123428"}],"wp:term":[{"taxonomy":"category","embeddable":true,"href":"https:\/\/www.sudoestehoje.com.br\/novoportal\/wp-json\/wp\/v2\/categories?post=123428"},{"taxonomy":"post_tag","embeddable":true,"href":"https:\/\/www.sudoestehoje.com.br\/novoportal\/wp-json\/wp\/v2\/tags?post=123428"}],"curies":[{"name":"wp","href":"https:\/\/api.w.org\/{rel}","templated":true}]}}