
{"id":123422,"date":"2025-09-14T20:45:51","date_gmt":"2025-09-14T23:45:51","guid":{"rendered":"https:\/\/www.sudoestehoje.com.br\/novoportal\/?p=123422"},"modified":"2025-09-14T20:46:14","modified_gmt":"2025-09-14T23:46:14","slug":"acidente-mata-dois-jovens-que-retornavam-de-vaquejada-no-oesta-baiano","status":"publish","type":"post","link":"https:\/\/www.sudoestehoje.com.br\/novoportal\/2025\/09\/14\/acidente-mata-dois-jovens-que-retornavam-de-vaquejada-no-oesta-baiano\/","title":{"rendered":"ACIDENTE MATA DOIS JOVENS QUE RETORNAVAM DE VAQUEJADA NO OESTE BAIANO"},"content":{"rendered":"<p data-start=\"252\" data-end=\"505\"><img loading=\"lazy\" decoding=\"async\" class=\"alignnone size-full wp-image-123425\" src=\"https:\/\/www.sudoestehoje.com.br\/novoportal\/wp-content\/uploads\/2025\/09\/Imagem-do-WhatsApp-de-2025-09-14-as-20.43.01_97a32175.jpg\" alt=\"\" width=\"941\" height=\"602\" \/><\/p>\n<p data-start=\"252\" data-end=\"505\"><strong>Um acidente grave deixou dois mortos e seis feridos na BR-242, em Lu\u00eds Eduardo Magalh\u00e3es, na noite de s\u00e1bado (13). A colis\u00e3o envolveu dois ve\u00edculos que retornavam de uma vaquejada, deixando duas pessoas mortas e seis feridas.<\/strong><\/p>\n<p data-start=\"507\" data-end=\"788\"><strong>Segundo informa\u00e7\u00f5es da Pol\u00edcia Rodovi\u00e1ria Federal (PRF) divulgadas pelo G1, o acidente ocorreu quando um Corolla colidiu na traseira de um Fiesta. O Fiesta transportava seis ocupantes e, com o impacto, saiu da pista e capotou, provocando o \u00f3bito de duas pessoas e ferimentos nos demais passageiros.<\/strong><\/p>\n<p data-start=\"790\" data-end=\"1052\"><strong>O Corpo de Bombeiros foi acionado para atender a ocorr\u00eancia e precisou realizar o resgate de uma das v\u00edtimas que ficou presa entre as ferragens do ve\u00edculo. A opera\u00e7\u00e3o mobilizou equipes de emerg\u00eancia que atuaram no atendimento e no controle do tr\u00e1fego no local.<\/strong><\/p>\n<p data-start=\"1054\" data-end=\"1260\"><strong>De acordo com o G1, uma das v\u00edtimas fatais era uma jovem de 17 anos que morreu no local. Um rapaz de 18 anos chegou a ser socorrido, mas n\u00e3o resistiu aos ferimentos e morreu na UPA.<\/strong><\/p>\n","protected":false},"excerpt":{"rendered":"<p>Um acidente grave deixou dois mortos e seis feridos na BR-242, em Lu\u00eds Eduardo Magalh\u00e3es, na noite de s\u00e1bado (13). A colis\u00e3o envolveu dois ve\u00edculos que retornavam de uma vaquejada, deixando duas pessoas mortas e seis feridas. Segundo informa\u00e7\u00f5es da Pol\u00edcia Rodovi\u00e1ria Federal (PRF) divulgadas pelo G1, o acidente ocorreu quando um Corolla colidiu na [&hellip;]<\/p>\n","protected":false},"author":2,"featured_media":123425,"comment_status":"closed","ping_status":"open","sticky":false,"template":"","format":"standard","meta":{"footnotes":"","_links_to":"","_links_to_target":""},"categories":[1],"tags":[],"class_list":["post-123422","post","type-post","status-publish","format-standard","has-post-thumbnail","hentry","category-geral"],"views":436,"_links":{"self":[{"href":"https:\/\/www.sudoestehoje.com.br\/novoportal\/wp-json\/wp\/v2\/posts\/123422","targetHints":{"allow":["GET"]}}],"collection":[{"href":"https:\/\/www.sudoestehoje.com.br\/novoportal\/wp-json\/wp\/v2\/posts"}],"about":[{"href":"https:\/\/www.sudoestehoje.com.br\/novoportal\/wp-json\/wp\/v2\/types\/post"}],"author":[{"embeddable":true,"href":"https:\/\/www.sudoestehoje.com.br\/novoportal\/wp-json\/wp\/v2\/users\/2"}],"replies":[{"embeddable":true,"href":"https:\/\/www.sudoestehoje.com.br\/novoportal\/wp-json\/wp\/v2\/comments?post=123422"}],"version-history":[{"count":4,"href":"https:\/\/www.sudoestehoje.com.br\/novoportal\/wp-json\/wp\/v2\/posts\/123422\/revisions"}],"predecessor-version":[{"id":123427,"href":"https:\/\/www.sudoestehoje.com.br\/novoportal\/wp-json\/wp\/v2\/posts\/123422\/revisions\/123427"}],"wp:featuredmedia":[{"embeddable":true,"href":"https:\/\/www.sudoestehoje.com.br\/novoportal\/wp-json\/wp\/v2\/media\/123425"}],"wp:attachment":[{"href":"https:\/\/www.sudoestehoje.com.br\/novoportal\/wp-json\/wp\/v2\/media?parent=123422"}],"wp:term":[{"taxonomy":"category","embeddable":true,"href":"https:\/\/www.sudoestehoje.com.br\/novoportal\/wp-json\/wp\/v2\/categories?post=123422"},{"taxonomy":"post_tag","embeddable":true,"href":"https:\/\/www.sudoestehoje.com.br\/novoportal\/wp-json\/wp\/v2\/tags?post=123422"}],"curies":[{"name":"wp","href":"https:\/\/api.w.org\/{rel}","templated":true}]}}