
{"id":123417,"date":"2025-09-14T20:32:38","date_gmt":"2025-09-14T23:32:38","guid":{"rendered":"https:\/\/www.sudoestehoje.com.br\/novoportal\/?p=123417"},"modified":"2025-09-14T20:32:38","modified_gmt":"2025-09-14T23:32:38","slug":"acidente-com-carro-da-prefeitura-de-porto-seguro-deixa-um-morto-e-dois-gravemente-feridos-na-br-101","status":"publish","type":"post","link":"https:\/\/www.sudoestehoje.com.br\/novoportal\/2025\/09\/14\/acidente-com-carro-da-prefeitura-de-porto-seguro-deixa-um-morto-e-dois-gravemente-feridos-na-br-101\/","title":{"rendered":"ACIDENTE COM CARRO DA PREFEITURA DE PORTO SEGURO DEIXA UM MORTO E DOIS GRAVEMENTE FERIDOS NA BR-101"},"content":{"rendered":"<p><img loading=\"lazy\" decoding=\"async\" class=\"alignnone size-full wp-image-123418\" src=\"https:\/\/www.sudoestehoje.com.br\/novoportal\/wp-content\/uploads\/2025\/09\/Imagem-do-WhatsApp-de-2025-09-14-as-20.26.17_56a74915.jpg\" alt=\"\" width=\"904\" height=\"516\" \/><\/p>\n<p><strong>Um acidente envolvendo um carro da Secretaria de Sa\u00fade de Porto Seguro deixou uma pessoa morte e outras duas gravemente feridas, no km 692 da BR-101, em<a href=\"http:\/\/bahianoticias.com.br\/tags\/eunapolis\" target=\"_blank\" rel=\"noopener\" data-mrf-link=\"http:\/\/bahianoticias.com.br\/tags\/eunapolis\">\u00a0Eun\u00e1polis<\/a>. O acidente ocorreu por volta de 1h50 do \u00faltimo s\u00e1bado (13).\u00a0<\/strong><\/p>\n<p><strong>Segundo o site\u00a0Radar News, a v\u00edtima fatal foi identificada como Rozita Cardoso dos Santos, de 76 anos. A mulher era uma das pacientes transportadas de Salvador para Porto Seguro.\u00a0<\/strong><\/p>\n<p><strong>Ainda conforme o site, o motorista teria perdido o controle da dire\u00e7\u00e3o em uma curva e capotado ao sair da pista. No ve\u00edculo da secretaria estavam ainda outra paciente, de 49 anos, e o motorista, de 29 anos. Ambos ficaram gravemente feridos.\u00a0<\/strong><\/p>\n<p><strong>Os feridos foram encaminhados ao Hospital Lu\u00eds Eduardo Magalh\u00e3es.\u00a0<\/strong><\/p>\n","protected":false},"excerpt":{"rendered":"<p>Um acidente envolvendo um carro da Secretaria de Sa\u00fade de Porto Seguro deixou uma pessoa morte e outras duas gravemente feridas, no km 692 da BR-101, em\u00a0Eun\u00e1polis. O acidente ocorreu por volta de 1h50 do \u00faltimo s\u00e1bado (13).\u00a0 Segundo o site\u00a0Radar News, a v\u00edtima fatal foi identificada como Rozita Cardoso dos Santos, de 76 anos. [&hellip;]<\/p>\n","protected":false},"author":2,"featured_media":123418,"comment_status":"closed","ping_status":"open","sticky":false,"template":"","format":"standard","meta":{"footnotes":"","_links_to":"","_links_to_target":""},"categories":[1],"tags":[],"class_list":["post-123417","post","type-post","status-publish","format-standard","has-post-thumbnail","hentry","category-geral"],"views":349,"_links":{"self":[{"href":"https:\/\/www.sudoestehoje.com.br\/novoportal\/wp-json\/wp\/v2\/posts\/123417","targetHints":{"allow":["GET"]}}],"collection":[{"href":"https:\/\/www.sudoestehoje.com.br\/novoportal\/wp-json\/wp\/v2\/posts"}],"about":[{"href":"https:\/\/www.sudoestehoje.com.br\/novoportal\/wp-json\/wp\/v2\/types\/post"}],"author":[{"embeddable":true,"href":"https:\/\/www.sudoestehoje.com.br\/novoportal\/wp-json\/wp\/v2\/users\/2"}],"replies":[{"embeddable":true,"href":"https:\/\/www.sudoestehoje.com.br\/novoportal\/wp-json\/wp\/v2\/comments?post=123417"}],"version-history":[{"count":3,"href":"https:\/\/www.sudoestehoje.com.br\/novoportal\/wp-json\/wp\/v2\/posts\/123417\/revisions"}],"predecessor-version":[{"id":123421,"href":"https:\/\/www.sudoestehoje.com.br\/novoportal\/wp-json\/wp\/v2\/posts\/123417\/revisions\/123421"}],"wp:featuredmedia":[{"embeddable":true,"href":"https:\/\/www.sudoestehoje.com.br\/novoportal\/wp-json\/wp\/v2\/media\/123418"}],"wp:attachment":[{"href":"https:\/\/www.sudoestehoje.com.br\/novoportal\/wp-json\/wp\/v2\/media?parent=123417"}],"wp:term":[{"taxonomy":"category","embeddable":true,"href":"https:\/\/www.sudoestehoje.com.br\/novoportal\/wp-json\/wp\/v2\/categories?post=123417"},{"taxonomy":"post_tag","embeddable":true,"href":"https:\/\/www.sudoestehoje.com.br\/novoportal\/wp-json\/wp\/v2\/tags?post=123417"}],"curies":[{"name":"wp","href":"https:\/\/api.w.org\/{rel}","templated":true}]}}