
{"id":123410,"date":"2025-09-15T07:55:31","date_gmt":"2025-09-15T10:55:31","guid":{"rendered":"https:\/\/www.sudoestehoje.com.br\/novoportal\/?p=123410"},"modified":"2025-09-14T19:56:49","modified_gmt":"2025-09-14T22:56:49","slug":"amaranhado-de-fios-gato-net-atrapalha-reforma-de-predios-no-centro-comercial-de-itapetinga","status":"publish","type":"post","link":"https:\/\/www.sudoestehoje.com.br\/novoportal\/2025\/09\/15\/amaranhado-de-fios-gato-net-atrapalha-reforma-de-predios-no-centro-comercial-de-itapetinga\/","title":{"rendered":"AMARANHADO DE FIOS &#8216;GATO-NET&#8217; ATRAPALHA REFORMA DE PR\u00c9DIOS NO CENTRO COMERCIAL DE ITAPETINGA"},"content":{"rendered":"<p><img loading=\"lazy\" decoding=\"async\" class=\"alignnone size-full wp-image-123414\" src=\"https:\/\/www.sudoestehoje.com.br\/novoportal\/wp-content\/uploads\/2025\/09\/Imagem-do-WhatsApp-de-2025-09-14-as-19.11.56_a163df2c.jpg\" alt=\"\" width=\"1600\" height=\"900\" \/><\/p>\n<p><strong>Com a expans\u00e3o das redes f\u00edsicas de internet em Itapetinga, um grave problema vem desafiando alguns propriet\u00e1rios de im\u00f3veis comerciais no centro da cidade, que n\u00e3o conseguem realizar reformas nos seus pontos comerciais, devido ao &#8216;amaranhado de fios e cabos colados nas paredes e lajes desses im\u00f3veis.<\/strong><\/p>\n<p><strong>Na maioria das vezes, segundo a pr\u00f3pria Coelba, a fia\u00e7\u00e3o \u00e9 clandestina e de dif\u00edcil identifica\u00e7\u00e3o, instalada na &#8220;calada da noite&#8221; por empresas que exploram os famosos &#8216;gato nets&#8217;, \u00e0 revelia da concession\u00e1ria de energia, a quem cabe a manuten\u00e7\u00e3o da rede el\u00e9trica instalada nos postes.<\/strong><\/p>\n<p><img loading=\"lazy\" decoding=\"async\" class=\"alignnone size-full wp-image-123412\" src=\"https:\/\/www.sudoestehoje.com.br\/novoportal\/wp-content\/uploads\/2025\/09\/Imagem-do-WhatsApp-de-2025-09-14-as-19.11.56_74537c0c.jpg\" alt=\"\" width=\"1600\" height=\"900\" \/><\/p>\n<p><strong>Em Itapetinga, a Coelba j\u00e1 chegou a notificar algumas empresas infratoras e clandestinas, al\u00e9m de iniciar um processo de corte na fia\u00e7\u00e3o dos &#8216;gato-nets&#8217;, mas acabou encontrando resist\u00eancia em forma amea\u00e7as aos seus t\u00e9cnicos, a\u00e7\u00f5es judiciais e at\u00e9 interfer\u00eancia pol\u00edtica, para suspender os cortes.<\/strong><\/p>\n<p><strong>Enquanto isto n\u00e3o se resolve, os donos im\u00f3veis, comerciantes e trabalhadores do setor de obras t\u00eam receio de &#8216;encostar&#8217; na rede, temendo choques atrav\u00e9s de descarga el\u00e9trica, por n\u00e3o distinguirem o que \u00e9 fia\u00e7\u00e3o el\u00e9trica ou internet.<\/strong><\/p>\n<p><strong>Quem vai resolver esta parada a\u00ed?\u00a0\u00a0<\/strong><\/p>\n<p><strong>Por Davi Ferraz<\/strong><\/p>\n","protected":false},"excerpt":{"rendered":"<p>Com a expans\u00e3o das redes f\u00edsicas de internet em Itapetinga, um grave problema vem desafiando alguns propriet\u00e1rios de im\u00f3veis comerciais no centro da cidade, que n\u00e3o conseguem realizar reformas nos seus pontos comerciais, devido ao &#8216;amaranhado de fios e cabos colados nas paredes e lajes desses im\u00f3veis. Na maioria das vezes, segundo a pr\u00f3pria Coelba, [&hellip;]<\/p>\n","protected":false},"author":2,"featured_media":123414,"comment_status":"closed","ping_status":"open","sticky":false,"template":"","format":"standard","meta":{"footnotes":"","_links_to":"","_links_to_target":""},"categories":[1],"tags":[],"class_list":["post-123410","post","type-post","status-publish","format-standard","has-post-thumbnail","hentry","category-geral"],"views":905,"_links":{"self":[{"href":"https:\/\/www.sudoestehoje.com.br\/novoportal\/wp-json\/wp\/v2\/posts\/123410","targetHints":{"allow":["GET"]}}],"collection":[{"href":"https:\/\/www.sudoestehoje.com.br\/novoportal\/wp-json\/wp\/v2\/posts"}],"about":[{"href":"https:\/\/www.sudoestehoje.com.br\/novoportal\/wp-json\/wp\/v2\/types\/post"}],"author":[{"embeddable":true,"href":"https:\/\/www.sudoestehoje.com.br\/novoportal\/wp-json\/wp\/v2\/users\/2"}],"replies":[{"embeddable":true,"href":"https:\/\/www.sudoestehoje.com.br\/novoportal\/wp-json\/wp\/v2\/comments?post=123410"}],"version-history":[{"count":4,"href":"https:\/\/www.sudoestehoje.com.br\/novoportal\/wp-json\/wp\/v2\/posts\/123410\/revisions"}],"predecessor-version":[{"id":123416,"href":"https:\/\/www.sudoestehoje.com.br\/novoportal\/wp-json\/wp\/v2\/posts\/123410\/revisions\/123416"}],"wp:featuredmedia":[{"embeddable":true,"href":"https:\/\/www.sudoestehoje.com.br\/novoportal\/wp-json\/wp\/v2\/media\/123414"}],"wp:attachment":[{"href":"https:\/\/www.sudoestehoje.com.br\/novoportal\/wp-json\/wp\/v2\/media?parent=123410"}],"wp:term":[{"taxonomy":"category","embeddable":true,"href":"https:\/\/www.sudoestehoje.com.br\/novoportal\/wp-json\/wp\/v2\/categories?post=123410"},{"taxonomy":"post_tag","embeddable":true,"href":"https:\/\/www.sudoestehoje.com.br\/novoportal\/wp-json\/wp\/v2\/tags?post=123410"}],"curies":[{"name":"wp","href":"https:\/\/api.w.org\/{rel}","templated":true}]}}