
{"id":123400,"date":"2025-09-12T07:33:24","date_gmt":"2025-09-12T10:33:24","guid":{"rendered":"https:\/\/www.sudoestehoje.com.br\/novoportal\/?p=123400"},"modified":"2025-09-12T08:04:58","modified_gmt":"2025-09-12T11:04:58","slug":"itapetinga-jovem-autista-de-14-anos-e-espancado-ate-a-morte-no-residencial-neto-fernandes","status":"publish","type":"post","link":"https:\/\/www.sudoestehoje.com.br\/novoportal\/2025\/09\/12\/itapetinga-jovem-autista-de-14-anos-e-espancado-ate-a-morte-no-residencial-neto-fernandes\/","title":{"rendered":"ITAPETINGA | JOVEM AUTISTA DE 14 ANOS \u00c9 ESPANCADO AT\u00c9 A MORTE NO RESIDENCIAL NETO FERNANDES"},"content":{"rendered":"<p><img loading=\"lazy\" decoding=\"async\" class=\"alignnone size-full wp-image-123403\" src=\"https:\/\/www.sudoestehoje.com.br\/novoportal\/wp-content\/uploads\/2025\/09\/Imagem-do-WhatsApp-de-2025-09-12-as-07.27.10_00a4429c.jpg\" alt=\"\" width=\"1080\" height=\"1018\" \/><\/p>\n<p><strong>Nesta quinta-feira (11), um grupo de moradores do Residencial Neto Fernandes espancou at\u00e9 a morte o jovem autista Yuri, tamb\u00e9m morador do bairro, suspeito de pr\u00e1ticas sexuais com outra crian\u00e7a de 6 anos.<\/strong><\/p>\n<p><strong>Com dois bra\u00e7os quebrados e ainda com vida, o adolescente foi socorrido pelo SAMU 192 e levado ao Hospital Cristo Redentor, da Funda\u00e7\u00e3o Jos\u00e9 Silveira, mas n\u00e3o havia mais nada que pudesse ser feito para salv\u00e1-lo, devido \u00e0 gravidade dos ferimentos.<\/strong><\/p>\n<p><strong>A policia civil, que investiga o caso para identificar os autores do b\u00e1rbaro crime, afastou a hip\u00f3tese da pr\u00e1tica de crime sexual, ap\u00f3s exame de corpo de delito no menor que acompanhava Yuri no dia do crime.\u00a0<\/strong><\/p>\n<p><strong>De acordo com informa\u00e7\u00f5es, a m\u00e3e do adolescente autista \u00e9 usu\u00e1ria de drogas.<\/strong><\/p>\n<p><strong>Nada justifica uma barbaridade desta&#8230;<\/strong><\/p>\n<p><strong>Reda\u00e7\u00e3o SH<\/strong><\/p>\n","protected":false},"excerpt":{"rendered":"<p>Nesta quinta-feira (11), um grupo de moradores do Residencial Neto Fernandes espancou at\u00e9 a morte o jovem autista Yuri, tamb\u00e9m morador do bairro, suspeito de pr\u00e1ticas sexuais com outra crian\u00e7a de 6 anos. Com dois bra\u00e7os quebrados e ainda com vida, o adolescente foi socorrido pelo SAMU 192 e levado ao Hospital Cristo Redentor, da [&hellip;]<\/p>\n","protected":false},"author":2,"featured_media":123403,"comment_status":"closed","ping_status":"open","sticky":false,"template":"","format":"standard","meta":{"footnotes":"","_links_to":"","_links_to_target":""},"categories":[1],"tags":[],"class_list":["post-123400","post","type-post","status-publish","format-standard","has-post-thumbnail","hentry","category-geral"],"views":1021,"_links":{"self":[{"href":"https:\/\/www.sudoestehoje.com.br\/novoportal\/wp-json\/wp\/v2\/posts\/123400","targetHints":{"allow":["GET"]}}],"collection":[{"href":"https:\/\/www.sudoestehoje.com.br\/novoportal\/wp-json\/wp\/v2\/posts"}],"about":[{"href":"https:\/\/www.sudoestehoje.com.br\/novoportal\/wp-json\/wp\/v2\/types\/post"}],"author":[{"embeddable":true,"href":"https:\/\/www.sudoestehoje.com.br\/novoportal\/wp-json\/wp\/v2\/users\/2"}],"replies":[{"embeddable":true,"href":"https:\/\/www.sudoestehoje.com.br\/novoportal\/wp-json\/wp\/v2\/comments?post=123400"}],"version-history":[{"count":8,"href":"https:\/\/www.sudoestehoje.com.br\/novoportal\/wp-json\/wp\/v2\/posts\/123400\/revisions"}],"predecessor-version":[{"id":123409,"href":"https:\/\/www.sudoestehoje.com.br\/novoportal\/wp-json\/wp\/v2\/posts\/123400\/revisions\/123409"}],"wp:featuredmedia":[{"embeddable":true,"href":"https:\/\/www.sudoestehoje.com.br\/novoportal\/wp-json\/wp\/v2\/media\/123403"}],"wp:attachment":[{"href":"https:\/\/www.sudoestehoje.com.br\/novoportal\/wp-json\/wp\/v2\/media?parent=123400"}],"wp:term":[{"taxonomy":"category","embeddable":true,"href":"https:\/\/www.sudoestehoje.com.br\/novoportal\/wp-json\/wp\/v2\/categories?post=123400"},{"taxonomy":"post_tag","embeddable":true,"href":"https:\/\/www.sudoestehoje.com.br\/novoportal\/wp-json\/wp\/v2\/tags?post=123400"}],"curies":[{"name":"wp","href":"https:\/\/api.w.org\/{rel}","templated":true}]}}