
{"id":123393,"date":"2025-09-11T09:05:11","date_gmt":"2025-09-11T12:05:11","guid":{"rendered":"https:\/\/www.sudoestehoje.com.br\/novoportal\/?p=123393"},"modified":"2025-09-11T09:09:47","modified_gmt":"2025-09-11T12:09:47","slug":"sugestao-asfaltamento-das-principais-ruas-do-centro-comercial-de-itapetinga-com-emenda-parlamentar","status":"publish","type":"post","link":"https:\/\/www.sudoestehoje.com.br\/novoportal\/2025\/09\/11\/sugestao-asfaltamento-das-principais-ruas-do-centro-comercial-de-itapetinga-com-emenda-parlamentar\/","title":{"rendered":"SUGEST\u00c3O | ASFALTAMENTO DAS PRINCIPAIS RUAS DO CENTRO COMERCIAL DE ITAPETINGA  COM EMENDA PARLAMENTAR"},"content":{"rendered":"<p><img loading=\"lazy\" decoding=\"async\" class=\"alignnone size-full wp-image-123395\" src=\"https:\/\/www.sudoestehoje.com.br\/novoportal\/wp-content\/uploads\/2025\/09\/Imagem-do-WhatsApp-de-2025-09-09-as-15.34.59_92cad3a4-2.jpg\" alt=\"\" width=\"651\" height=\"355\" \/><\/p>\n<p><strong>Em sua estadia em Bras\u00edlia, durante esta semana, o prefeito Eduardo Hagge foi recebido pelo senador baiano \u00c2ngelo Coronel (foto), que anunciou uma Emenda Parlamentar para asfaltamento de ruas em Itapetinga, not\u00edcia comemorada por toda a popula\u00e7\u00e3o do munic\u00edpio.<\/strong><\/p>\n<p><strong>A destina\u00e7\u00e3o e aplica\u00e7\u00e3o dos recursos dever\u00e1 atender crit\u00e9rios da administra\u00e7\u00e3o, mas tomamos a iniciativa de sugerir a sua utiliza\u00e7\u00e3o para pavimenta\u00e7\u00e3o asf\u00e1ltica das ruas centrais da cidade, principalmente do centro comercial e dos corredores vi\u00e1rios, por onde trafega o transporte coletivo.<\/strong><\/p>\n<p><strong>Normalmente, a libera\u00e7\u00e3o dos recursos originados de emendas parlamentares impositivas caem na conta da\u00a0 prefeitura a partir do m\u00eas de mar\u00e7o do ano subsequente (no caso 2026), podendo ser aplicados imediatamente \u00e0 sua libera\u00e7\u00e3o, caso o projeto seja aprovado pela Caixa.<\/strong><\/p>\n<p><strong>A presente sugest\u00e3o n\u00e3o tem qualquer pretens\u00e3o pol\u00edtica eleitoral, mas apenas colaborar com a gest\u00e3o participativa do prefeito Eduardo, que j\u00e1 tem no seu plano de governo a previs\u00e3o de modernizar o nosso centro comercial.\u00a0<\/strong><\/p>\n<p><strong>Por Davi Ferraz<\/strong><\/p>\n","protected":false},"excerpt":{"rendered":"<p>Em sua estadia em Bras\u00edlia, durante esta semana, o prefeito Eduardo Hagge foi recebido pelo senador baiano \u00c2ngelo Coronel (foto), que anunciou uma Emenda Parlamentar para asfaltamento de ruas em Itapetinga, not\u00edcia comemorada por toda a popula\u00e7\u00e3o do munic\u00edpio. A destina\u00e7\u00e3o e aplica\u00e7\u00e3o dos recursos dever\u00e1 atender crit\u00e9rios da administra\u00e7\u00e3o, mas tomamos a iniciativa de [&hellip;]<\/p>\n","protected":false},"author":2,"featured_media":123395,"comment_status":"closed","ping_status":"open","sticky":false,"template":"","format":"standard","meta":{"footnotes":"","_links_to":"","_links_to_target":""},"categories":[1],"tags":[],"class_list":["post-123393","post","type-post","status-publish","format-standard","has-post-thumbnail","hentry","category-geral"],"views":864,"_links":{"self":[{"href":"https:\/\/www.sudoestehoje.com.br\/novoportal\/wp-json\/wp\/v2\/posts\/123393","targetHints":{"allow":["GET"]}}],"collection":[{"href":"https:\/\/www.sudoestehoje.com.br\/novoportal\/wp-json\/wp\/v2\/posts"}],"about":[{"href":"https:\/\/www.sudoestehoje.com.br\/novoportal\/wp-json\/wp\/v2\/types\/post"}],"author":[{"embeddable":true,"href":"https:\/\/www.sudoestehoje.com.br\/novoportal\/wp-json\/wp\/v2\/users\/2"}],"replies":[{"embeddable":true,"href":"https:\/\/www.sudoestehoje.com.br\/novoportal\/wp-json\/wp\/v2\/comments?post=123393"}],"version-history":[{"count":4,"href":"https:\/\/www.sudoestehoje.com.br\/novoportal\/wp-json\/wp\/v2\/posts\/123393\/revisions"}],"predecessor-version":[{"id":123398,"href":"https:\/\/www.sudoestehoje.com.br\/novoportal\/wp-json\/wp\/v2\/posts\/123393\/revisions\/123398"}],"wp:featuredmedia":[{"embeddable":true,"href":"https:\/\/www.sudoestehoje.com.br\/novoportal\/wp-json\/wp\/v2\/media\/123395"}],"wp:attachment":[{"href":"https:\/\/www.sudoestehoje.com.br\/novoportal\/wp-json\/wp\/v2\/media?parent=123393"}],"wp:term":[{"taxonomy":"category","embeddable":true,"href":"https:\/\/www.sudoestehoje.com.br\/novoportal\/wp-json\/wp\/v2\/categories?post=123393"},{"taxonomy":"post_tag","embeddable":true,"href":"https:\/\/www.sudoestehoje.com.br\/novoportal\/wp-json\/wp\/v2\/tags?post=123393"}],"curies":[{"name":"wp","href":"https:\/\/api.w.org\/{rel}","templated":true}]}}