
{"id":123331,"date":"2025-09-07T18:28:40","date_gmt":"2025-09-07T21:28:40","guid":{"rendered":"https:\/\/www.sudoestehoje.com.br\/novoportal\/?p=123331"},"modified":"2025-09-07T19:40:23","modified_gmt":"2025-09-07T22:40:23","slug":"itapetinga-mantem-a-tradicao-e-realiza-desfile-impecavel-de-7-de-setembro","status":"publish","type":"post","link":"https:\/\/www.sudoestehoje.com.br\/novoportal\/2025\/09\/07\/itapetinga-mantem-a-tradicao-e-realiza-desfile-impecavel-de-7-de-setembro\/","title":{"rendered":"ITAPETINGA MANT\u00c9M A TRADI\u00c7\u00c3O E REALIZA DESFILE IMPEC\u00c1VEL DE 7 DE SETEMBRO"},"content":{"rendered":"<p><img loading=\"lazy\" decoding=\"async\" class=\"alignnone size-full wp-image-123333\" src=\"https:\/\/www.sudoestehoje.com.br\/novoportal\/wp-content\/uploads\/2025\/09\/Imagem-do-WhatsApp-de-2025-09-07-as-18.09.13_607f8751.jpg\" alt=\"\" width=\"1079\" height=\"641\" \/><\/p>\n<p>O tradicional desfile c\u00edvico de 7 de Setembro foi realizado com sucesso em Itapetinga, com a participa\u00e7\u00e3o de escolas, Tiro de Guerra, Pol\u00edcia Militar, brigadas contra inc\u00eandio e entidades.<\/p>\n<p><img loading=\"lazy\" decoding=\"async\" class=\"alignnone size-full wp-image-123338\" src=\"https:\/\/www.sudoestehoje.com.br\/novoportal\/wp-content\/uploads\/2025\/09\/Imagem-do-WhatsApp-de-2025-09-07-as-19.11.10_97089bd6.jpg\" alt=\"\" width=\"1078\" height=\"672\" \/><\/p>\n<p>No palanque oficial, o destaque ficou para o prefeito Eduardo Hagge ao lado da sua m\u00e3e Dona Iracema Hagge, ex-primeira-dama do munic\u00edpio, por tr\u00eas mandatos, al\u00e9m de secret\u00e1rios, assessores, vereadores e outras autoridades civis e militares.<\/p>\n<p><img loading=\"lazy\" decoding=\"async\" class=\"alignnone size-full wp-image-123336\" src=\"https:\/\/www.sudoestehoje.com.br\/novoportal\/wp-content\/uploads\/2025\/09\/Imagem-do-WhatsApp-de-2025-09-07-as-19.01.00_6bda1ce5.jpg\" alt=\"\" width=\"1076\" height=\"551\" \/><\/p>\n<p>Na pra\u00e7a Dairy Valley, onde se concentrou o desfile, uma multid\u00e3o acompanhou a festa c\u00edvica, com aten\u00e7\u00e3o especial para os alunos de diversas escolas, causando orgulho aos pais e familiares dos alunos das escolas do munic\u00edpio, verdadeiros protagonistas da festa. Vejam fotos:<\/p>\n\n\t\t<style type=\"text\/css\">\n\t\t\t#gallery-1 {\n\t\t\t\tmargin: auto;\n\t\t\t}\n\t\t\t#gallery-1 .gallery-item {\n\t\t\t\tfloat: left;\n\t\t\t\tmargin-top: 10px;\n\t\t\t\ttext-align: center;\n\t\t\t\twidth: 33%;\n\t\t\t}\n\t\t\t#gallery-1 img {\n\t\t\t\tborder: 2px solid #cfcfcf;\n\t\t\t}\n\t\t\t#gallery-1 .gallery-caption {\n\t\t\t\tmargin-left: 0;\n\t\t\t}\n\t\t\t\/* see gallery_shortcode() in wp-includes\/media.php *\/\n\t\t<\/style>\n\t\t<div id='gallery-1' class='gallery galleryid-123331 gallery-columns-3 gallery-size-thumbnail'><dl class='gallery-item'>\n\t\t\t<dt class='gallery-icon landscape'>\n\t\t\t\t<a href='https:\/\/www.sudoestehoje.com.br\/novoportal\/2025\/09\/07\/itapetinga-mantem-a-tradicao-e-realiza-desfile-impecavel-de-7-de-setembro\/imagem-do-whatsapp-de-2025-09-07-as-19-10-23_75e7db10\/'><img loading=\"lazy\" decoding=\"async\" width=\"150\" height=\"123\" src=\"https:\/\/www.sudoestehoje.com.br\/novoportal\/wp-content\/uploads\/2025\/09\/Imagem-do-WhatsApp-de-2025-09-07-as-19.10.23_75e7db10.jpg\" class=\"attachment-thumbnail size-thumbnail\" alt=\"\" \/><\/a>\n\t\t\t<\/dt><\/dl><dl class='gallery-item'>\n\t\t\t<dt class='gallery-icon landscape'>\n\t\t\t\t<a href='https:\/\/www.sudoestehoje.com.br\/novoportal\/2025\/09\/07\/itapetinga-mantem-a-tradicao-e-realiza-desfile-impecavel-de-7-de-setembro\/imagem-do-whatsapp-de-2025-09-07-as-19-12-04_bf8d64d6\/'><img loading=\"lazy\" decoding=\"async\" width=\"150\" height=\"111\" src=\"https:\/\/www.sudoestehoje.com.br\/novoportal\/wp-content\/uploads\/2025\/09\/Imagem-do-WhatsApp-de-2025-09-07-as-19.12.04_bf8d64d6.jpg\" class=\"attachment-thumbnail size-thumbnail\" alt=\"\" \/><\/a>\n\t\t\t<\/dt><\/dl><dl class='gallery-item'>\n\t\t\t<dt class='gallery-icon landscape'>\n\t\t\t\t<a href='https:\/\/www.sudoestehoje.com.br\/novoportal\/2025\/09\/07\/itapetinga-mantem-a-tradicao-e-realiza-desfile-impecavel-de-7-de-setembro\/imagem-do-whatsapp-de-2025-09-07-as-19-12-53_f2153f22\/'><img loading=\"lazy\" decoding=\"async\" width=\"150\" height=\"116\" src=\"https:\/\/www.sudoestehoje.com.br\/novoportal\/wp-content\/uploads\/2025\/09\/Imagem-do-WhatsApp-de-2025-09-07-as-19.12.53_f2153f22.jpg\" class=\"attachment-thumbnail size-thumbnail\" alt=\"\" \/><\/a>\n\t\t\t<\/dt><\/dl><br style=\"clear: both\" \/><dl class='gallery-item'>\n\t\t\t<dt class='gallery-icon landscape'>\n\t\t\t\t<a href='https:\/\/www.sudoestehoje.com.br\/novoportal\/2025\/09\/07\/itapetinga-mantem-a-tradicao-e-realiza-desfile-impecavel-de-7-de-setembro\/imagem-do-whatsapp-de-2025-09-07-as-19-13-53_10bceb02\/'><img loading=\"lazy\" decoding=\"async\" width=\"150\" height=\"113\" src=\"https:\/\/www.sudoestehoje.com.br\/novoportal\/wp-content\/uploads\/2025\/09\/Imagem-do-WhatsApp-de-2025-09-07-as-19.13.53_10bceb02.jpg\" class=\"attachment-thumbnail size-thumbnail\" alt=\"\" \/><\/a>\n\t\t\t<\/dt><\/dl><dl class='gallery-item'>\n\t\t\t<dt class='gallery-icon landscape'>\n\t\t\t\t<a href='https:\/\/www.sudoestehoje.com.br\/novoportal\/2025\/09\/07\/itapetinga-mantem-a-tradicao-e-realiza-desfile-impecavel-de-7-de-setembro\/imagem-do-whatsapp-de-2025-09-07-as-19-15-45_6fa878a7\/'><img loading=\"lazy\" decoding=\"async\" width=\"150\" height=\"124\" src=\"https:\/\/www.sudoestehoje.com.br\/novoportal\/wp-content\/uploads\/2025\/09\/Imagem-do-WhatsApp-de-2025-09-07-as-19.15.45_6fa878a7.jpg\" class=\"attachment-thumbnail size-thumbnail\" alt=\"\" \/><\/a>\n\t\t\t<\/dt><\/dl><dl class='gallery-item'>\n\t\t\t<dt class='gallery-icon landscape'>\n\t\t\t\t<a href='https:\/\/www.sudoestehoje.com.br\/novoportal\/2025\/09\/07\/itapetinga-mantem-a-tradicao-e-realiza-desfile-impecavel-de-7-de-setembro\/imagem-do-whatsapp-de-2025-09-07-as-19-16-31_9389492d\/'><img loading=\"lazy\" decoding=\"async\" width=\"150\" height=\"120\" src=\"https:\/\/www.sudoestehoje.com.br\/novoportal\/wp-content\/uploads\/2025\/09\/Imagem-do-WhatsApp-de-2025-09-07-as-19.16.31_9389492d.jpg\" class=\"attachment-thumbnail size-thumbnail\" alt=\"\" \/><\/a>\n\t\t\t<\/dt><\/dl><br style=\"clear: both\" \/><dl class='gallery-item'>\n\t\t\t<dt class='gallery-icon landscape'>\n\t\t\t\t<a href='https:\/\/www.sudoestehoje.com.br\/novoportal\/2025\/09\/07\/itapetinga-mantem-a-tradicao-e-realiza-desfile-impecavel-de-7-de-setembro\/imagem-do-whatsapp-de-2025-09-07-as-19-18-18_fbbb2122\/'><img loading=\"lazy\" decoding=\"async\" width=\"150\" height=\"125\" src=\"https:\/\/www.sudoestehoje.com.br\/novoportal\/wp-content\/uploads\/2025\/09\/Imagem-do-WhatsApp-de-2025-09-07-as-19.18.18_fbbb2122.jpg\" class=\"attachment-thumbnail size-thumbnail\" alt=\"\" \/><\/a>\n\t\t\t<\/dt><\/dl><dl class='gallery-item'>\n\t\t\t<dt class='gallery-icon landscape'>\n\t\t\t\t<a href='https:\/\/www.sudoestehoje.com.br\/novoportal\/2025\/09\/07\/itapetinga-mantem-a-tradicao-e-realiza-desfile-impecavel-de-7-de-setembro\/imagem-do-whatsapp-de-2025-09-07-as-19-19-45_a82eb378\/'><img loading=\"lazy\" decoding=\"async\" width=\"150\" height=\"117\" src=\"https:\/\/www.sudoestehoje.com.br\/novoportal\/wp-content\/uploads\/2025\/09\/Imagem-do-WhatsApp-de-2025-09-07-as-19.19.45_a82eb378.jpg\" class=\"attachment-thumbnail size-thumbnail\" alt=\"\" \/><\/a>\n\t\t\t<\/dt><\/dl><dl class='gallery-item'>\n\t\t\t<dt class='gallery-icon landscape'>\n\t\t\t\t<a href='https:\/\/www.sudoestehoje.com.br\/novoportal\/2025\/09\/07\/itapetinga-mantem-a-tradicao-e-realiza-desfile-impecavel-de-7-de-setembro\/imagem-do-whatsapp-de-2025-09-07-as-19-21-25_91100a9b\/'><img loading=\"lazy\" decoding=\"async\" width=\"150\" height=\"96\" src=\"https:\/\/www.sudoestehoje.com.br\/novoportal\/wp-content\/uploads\/2025\/09\/Imagem-do-WhatsApp-de-2025-09-07-as-19.21.25_91100a9b.jpg\" class=\"attachment-thumbnail size-thumbnail\" alt=\"\" \/><\/a>\n\t\t\t<\/dt><\/dl><br style=\"clear: both\" \/>\n\t\t<\/div>\n\n","protected":false},"excerpt":{"rendered":"<p>O tradicional desfile c\u00edvico de 7 de Setembro foi realizado com sucesso em Itapetinga, com a participa\u00e7\u00e3o de escolas, Tiro de Guerra, Pol\u00edcia Militar, brigadas contra inc\u00eandio e entidades. No palanque oficial, o destaque ficou para o prefeito Eduardo Hagge ao lado da sua m\u00e3e Dona Iracema Hagge, ex-primeira-dama do munic\u00edpio, por tr\u00eas mandatos, al\u00e9m [&hellip;]<\/p>\n","protected":false},"author":2,"featured_media":123333,"comment_status":"closed","ping_status":"open","sticky":false,"template":"","format":"standard","meta":{"footnotes":"","_links_to":"","_links_to_target":""},"categories":[1],"tags":[],"class_list":["post-123331","post","type-post","status-publish","format-standard","has-post-thumbnail","hentry","category-geral"],"views":769,"_links":{"self":[{"href":"https:\/\/www.sudoestehoje.com.br\/novoportal\/wp-json\/wp\/v2\/posts\/123331","targetHints":{"allow":["GET"]}}],"collection":[{"href":"https:\/\/www.sudoestehoje.com.br\/novoportal\/wp-json\/wp\/v2\/posts"}],"about":[{"href":"https:\/\/www.sudoestehoje.com.br\/novoportal\/wp-json\/wp\/v2\/types\/post"}],"author":[{"embeddable":true,"href":"https:\/\/www.sudoestehoje.com.br\/novoportal\/wp-json\/wp\/v2\/users\/2"}],"replies":[{"embeddable":true,"href":"https:\/\/www.sudoestehoje.com.br\/novoportal\/wp-json\/wp\/v2\/comments?post=123331"}],"version-history":[{"count":5,"href":"https:\/\/www.sudoestehoje.com.br\/novoportal\/wp-json\/wp\/v2\/posts\/123331\/revisions"}],"predecessor-version":[{"id":123353,"href":"https:\/\/www.sudoestehoje.com.br\/novoportal\/wp-json\/wp\/v2\/posts\/123331\/revisions\/123353"}],"wp:featuredmedia":[{"embeddable":true,"href":"https:\/\/www.sudoestehoje.com.br\/novoportal\/wp-json\/wp\/v2\/media\/123333"}],"wp:attachment":[{"href":"https:\/\/www.sudoestehoje.com.br\/novoportal\/wp-json\/wp\/v2\/media?parent=123331"}],"wp:term":[{"taxonomy":"category","embeddable":true,"href":"https:\/\/www.sudoestehoje.com.br\/novoportal\/wp-json\/wp\/v2\/categories?post=123331"},{"taxonomy":"post_tag","embeddable":true,"href":"https:\/\/www.sudoestehoje.com.br\/novoportal\/wp-json\/wp\/v2\/tags?post=123331"}],"curies":[{"name":"wp","href":"https:\/\/api.w.org\/{rel}","templated":true}]}}