
{"id":123300,"date":"2025-09-04T16:38:58","date_gmt":"2025-09-04T19:38:58","guid":{"rendered":"https:\/\/www.sudoestehoje.com.br\/novoportal\/?p=123300"},"modified":"2025-09-05T09:51:58","modified_gmt":"2025-09-05T12:51:58","slug":"onibus-da-cidade-sol-tomba-em-feira-de-santana-e-deixa-passageiros-feridos","status":"publish","type":"post","link":"https:\/\/www.sudoestehoje.com.br\/novoportal\/2025\/09\/04\/onibus-da-cidade-sol-tomba-em-feira-de-santana-e-deixa-passageiros-feridos\/","title":{"rendered":"\u00d4NIBUS DA CIDADE SOL TOMBA EM FEIRA DE SANTANA E DEIXA PASSAGEIROS FERIDOS"},"content":{"rendered":"<p><img loading=\"lazy\" decoding=\"async\" class=\"alignnone size-full wp-image-123326\" src=\"https:\/\/www.sudoestehoje.com.br\/novoportal\/wp-content\/uploads\/2025\/09\/2-10.png\" alt=\"\" width=\"753\" height=\"790\" \/><\/p>\n<p>No in\u00edcio da tarde desta quinta-feira (04\/09), um \u00f4nibus da empresa Cidade Sol tombou na BR-324, no trecho de Humildes, em Feira de Santana. A ocorr\u00eancia foi por volta das 12h30, no Km 530.<\/p>\n<p>Conforme fontes, v\u00e1rias v\u00edtimas foram retiradas feridas do ve\u00edculo.<\/p>\n<p>Equipes da Pol\u00edcia Rodovi\u00e1ria Federal (PRF), do SAMU e do Corpo de Bombeiros foram acionadas e atuam no resgate. A via est\u00e1 congestionada em raz\u00e3o do acidente.<\/p>\n","protected":false},"excerpt":{"rendered":"<p>No in\u00edcio da tarde desta quinta-feira (04\/09), um \u00f4nibus da empresa Cidade Sol tombou na BR-324, no trecho de Humildes, em Feira de Santana. A ocorr\u00eancia foi por volta das 12h30, no Km 530. Conforme fontes, v\u00e1rias v\u00edtimas foram retiradas feridas do ve\u00edculo. Equipes da Pol\u00edcia Rodovi\u00e1ria Federal (PRF), do SAMU e do Corpo de [&hellip;]<\/p>\n","protected":false},"author":2,"featured_media":123326,"comment_status":"closed","ping_status":"open","sticky":false,"template":"","format":"standard","meta":{"footnotes":"","_links_to":"","_links_to_target":""},"categories":[1],"tags":[],"class_list":["post-123300","post","type-post","status-publish","format-standard","has-post-thumbnail","hentry","category-geral"],"views":665,"_links":{"self":[{"href":"https:\/\/www.sudoestehoje.com.br\/novoportal\/wp-json\/wp\/v2\/posts\/123300","targetHints":{"allow":["GET"]}}],"collection":[{"href":"https:\/\/www.sudoestehoje.com.br\/novoportal\/wp-json\/wp\/v2\/posts"}],"about":[{"href":"https:\/\/www.sudoestehoje.com.br\/novoportal\/wp-json\/wp\/v2\/types\/post"}],"author":[{"embeddable":true,"href":"https:\/\/www.sudoestehoje.com.br\/novoportal\/wp-json\/wp\/v2\/users\/2"}],"replies":[{"embeddable":true,"href":"https:\/\/www.sudoestehoje.com.br\/novoportal\/wp-json\/wp\/v2\/comments?post=123300"}],"version-history":[{"count":3,"href":"https:\/\/www.sudoestehoje.com.br\/novoportal\/wp-json\/wp\/v2\/posts\/123300\/revisions"}],"predecessor-version":[{"id":123327,"href":"https:\/\/www.sudoestehoje.com.br\/novoportal\/wp-json\/wp\/v2\/posts\/123300\/revisions\/123327"}],"wp:featuredmedia":[{"embeddable":true,"href":"https:\/\/www.sudoestehoje.com.br\/novoportal\/wp-json\/wp\/v2\/media\/123326"}],"wp:attachment":[{"href":"https:\/\/www.sudoestehoje.com.br\/novoportal\/wp-json\/wp\/v2\/media?parent=123300"}],"wp:term":[{"taxonomy":"category","embeddable":true,"href":"https:\/\/www.sudoestehoje.com.br\/novoportal\/wp-json\/wp\/v2\/categories?post=123300"},{"taxonomy":"post_tag","embeddable":true,"href":"https:\/\/www.sudoestehoje.com.br\/novoportal\/wp-json\/wp\/v2\/tags?post=123300"}],"curies":[{"name":"wp","href":"https:\/\/api.w.org\/{rel}","templated":true}]}}