
{"id":12328,"date":"2012-01-24T07:35:43","date_gmt":"2012-01-24T10:35:43","guid":{"rendered":"http:\/\/www.sudoestehoje.com.br\/novoportal\/?p=12328"},"modified":"2012-01-24T14:11:54","modified_gmt":"2012-01-24T17:11:54","slug":"enem-tera-duas-edicoes-em-2013","status":"publish","type":"post","link":"https:\/\/www.sudoestehoje.com.br\/novoportal\/2012\/01\/24\/enem-tera-duas-edicoes-em-2013\/","title":{"rendered":"ENEM TER\u00c1 DUAS EDI\u00c7\u00d5ES EM 2013"},"content":{"rendered":"<p style=\"text-align: center;\"><img decoding=\"async\" src=\"http:\/\/www2.planalto.gov.br\/multimidia\/galeria-de-fotos\/1-milhao-de-bolsas-do-prouni\/copy2_of_1-milhao-de-bolsas-do-prouni\/image_image_galeria_thumb\" alt=\"\" width=\"400\" \/><\/p>\n<p>A presidente da Rep\u00fablica, Dilma Rousseff, disse nesta segunda (23) que o Exame Nacional do Ensino M\u00e9dio (Enem) ter\u00e1 duas edi\u00e7\u00f5es em 2013. O Minist\u00e9rio da Educa\u00e7\u00e3o iria fazer duas edi\u00e7\u00f5es do Enem em 2012, mas cancelou, na \u00faltima sexta-feira (20), a edi\u00e7\u00e3o que seria realizada em abril.<\/p>\n<p>Dilma e Haddad participaram de evento na tarde de hoje, no Pal\u00e1cio do Planalto, que comemorou a marca de 1 milh\u00e3o de bolsas concedidas pelo Programa Universidade para Todos (ProUni). \u201cN\u00e3o estamos apenas distribuindo renda com o ProUni. Com a educa\u00e7\u00e3o voc\u00ea constr\u00f3i um modelo de desenvolvimento sustent\u00e1vel para o pa\u00eds. A gente mede uma sociedade pelo grau de oportunidades que ele oferece aos seus jovens\u201d, disse a presidente<\/p>\n","protected":false},"excerpt":{"rendered":"<p>A presidente da Rep\u00fablica, Dilma Rousseff, disse nesta segunda (23) que o Exame Nacional do Ensino M\u00e9dio (Enem) ter\u00e1 duas edi\u00e7\u00f5es em 2013. O Minist\u00e9rio da Educa\u00e7\u00e3o iria fazer duas edi\u00e7\u00f5es do Enem em 2012, mas cancelou, na \u00faltima sexta-feira (20), a edi\u00e7\u00e3o que seria realizada em abril. Dilma e Haddad participaram de evento na [&hellip;]<\/p>\n","protected":false},"author":2,"featured_media":0,"comment_status":"open","ping_status":"open","sticky":false,"template":"","format":"standard","meta":{"footnotes":"","_links_to":"","_links_to_target":""},"categories":[1],"tags":[],"class_list":["post-12328","post","type-post","status-publish","format-standard","hentry","category-geral"],"views":1227,"_links":{"self":[{"href":"https:\/\/www.sudoestehoje.com.br\/novoportal\/wp-json\/wp\/v2\/posts\/12328","targetHints":{"allow":["GET"]}}],"collection":[{"href":"https:\/\/www.sudoestehoje.com.br\/novoportal\/wp-json\/wp\/v2\/posts"}],"about":[{"href":"https:\/\/www.sudoestehoje.com.br\/novoportal\/wp-json\/wp\/v2\/types\/post"}],"author":[{"embeddable":true,"href":"https:\/\/www.sudoestehoje.com.br\/novoportal\/wp-json\/wp\/v2\/users\/2"}],"replies":[{"embeddable":true,"href":"https:\/\/www.sudoestehoje.com.br\/novoportal\/wp-json\/wp\/v2\/comments?post=12328"}],"version-history":[{"count":4,"href":"https:\/\/www.sudoestehoje.com.br\/novoportal\/wp-json\/wp\/v2\/posts\/12328\/revisions"}],"predecessor-version":[{"id":12331,"href":"https:\/\/www.sudoestehoje.com.br\/novoportal\/wp-json\/wp\/v2\/posts\/12328\/revisions\/12331"}],"wp:attachment":[{"href":"https:\/\/www.sudoestehoje.com.br\/novoportal\/wp-json\/wp\/v2\/media?parent=12328"}],"wp:term":[{"taxonomy":"category","embeddable":true,"href":"https:\/\/www.sudoestehoje.com.br\/novoportal\/wp-json\/wp\/v2\/categories?post=12328"},{"taxonomy":"post_tag","embeddable":true,"href":"https:\/\/www.sudoestehoje.com.br\/novoportal\/wp-json\/wp\/v2\/tags?post=12328"}],"curies":[{"name":"wp","href":"https:\/\/api.w.org\/{rel}","templated":true}]}}