
{"id":123279,"date":"2025-09-04T09:09:49","date_gmt":"2025-09-04T12:09:49","guid":{"rendered":"https:\/\/www.sudoestehoje.com.br\/novoportal\/?p=123279"},"modified":"2025-09-04T09:20:24","modified_gmt":"2025-09-04T12:20:24","slug":"itapetinga-prosseguem-comemoracoes-da-semana-da-patria-no-paco-municipal","status":"publish","type":"post","link":"https:\/\/www.sudoestehoje.com.br\/novoportal\/2025\/09\/04\/itapetinga-prosseguem-comemoracoes-da-semana-da-patria-no-paco-municipal\/","title":{"rendered":"ITAPETINGA | PROSSEGUEM COMEMORA\u00c7\u00d5ES DA SEMANA DA P\u00c1TRIA NO PA\u00c7O MUNICIPAL"},"content":{"rendered":"<p><img loading=\"lazy\" decoding=\"async\" class=\"alignnone size-full wp-image-123288\" src=\"https:\/\/www.sudoestehoje.com.br\/novoportal\/wp-content\/uploads\/2025\/09\/Imagem-do-WhatsApp-de-2025-09-04-as-08.37.43_aff18814.jpg\" alt=\"\" width=\"1600\" height=\"901\" \/><\/p>\n<p>As comemora\u00e7\u00f5es da &#8216;SEMANA DA P\u00c1TRIA&#8217; continuam acontecendo em Itapetinga, no Pa\u00e7o Municipal, mantendo uma tradi\u00e7\u00e3o de mais de 60 anos no munic\u00edpio.<\/p>\n<p>Nessas comemora\u00e7\u00f5es c\u00edvicas que antecedem ao desfile do 7 de Setembro, autoridades municipais, alunos das escolas das redes municipal, estadual, Tiro de Guerra, Guarda Municipal, brigadas civis de bombeiros, professores e in\u00fameras autoridades se fazem presentes para assistirem a at\u00e9 participarem das homenagens.<\/p>\n<p>O encerramento acontece com a hasteamento das das bandeiras, pelo prefeito, secret\u00e1rios e autoridades convidadas.<\/p>\n\n\t\t<style type=\"text\/css\">\n\t\t\t#gallery-1 {\n\t\t\t\tmargin: auto;\n\t\t\t}\n\t\t\t#gallery-1 .gallery-item {\n\t\t\t\tfloat: left;\n\t\t\t\tmargin-top: 10px;\n\t\t\t\ttext-align: center;\n\t\t\t\twidth: 33%;\n\t\t\t}\n\t\t\t#gallery-1 img {\n\t\t\t\tborder: 2px solid #cfcfcf;\n\t\t\t}\n\t\t\t#gallery-1 .gallery-caption {\n\t\t\t\tmargin-left: 0;\n\t\t\t}\n\t\t\t\/* see gallery_shortcode() in wp-includes\/media.php *\/\n\t\t<\/style>\n\t\t<div id='gallery-1' class='gallery galleryid-123279 gallery-columns-3 gallery-size-thumbnail'><dl class='gallery-item'>\n\t\t\t<dt class='gallery-icon landscape'>\n\t\t\t\t<a href='https:\/\/www.sudoestehoje.com.br\/novoportal\/2025\/09\/04\/itapetinga-prosseguem-comemoracoes-da-semana-da-patria-no-paco-municipal\/imagem-do-whatsapp-de-2025-09-04-as-08-37-41_1a64019e\/'><img loading=\"lazy\" decoding=\"async\" width=\"150\" height=\"84\" src=\"https:\/\/www.sudoestehoje.com.br\/novoportal\/wp-content\/uploads\/2025\/09\/Imagem-do-WhatsApp-de-2025-09-04-as-08.37.41_1a64019e.jpg\" class=\"attachment-thumbnail size-thumbnail\" alt=\"\" \/><\/a>\n\t\t\t<\/dt><\/dl><dl class='gallery-item'>\n\t\t\t<dt class='gallery-icon landscape'>\n\t\t\t\t<a href='https:\/\/www.sudoestehoje.com.br\/novoportal\/2025\/09\/04\/itapetinga-prosseguem-comemoracoes-da-semana-da-patria-no-paco-municipal\/imagem-do-whatsapp-de-2025-09-04-as-08-37-44_fd3e6857-2\/'><img loading=\"lazy\" decoding=\"async\" width=\"150\" height=\"84\" src=\"https:\/\/www.sudoestehoje.com.br\/novoportal\/wp-content\/uploads\/2025\/09\/Imagem-do-WhatsApp-de-2025-09-04-as-08.37.44_fd3e6857-1.jpg\" class=\"attachment-thumbnail size-thumbnail\" alt=\"\" \/><\/a>\n\t\t\t<\/dt><\/dl><dl class='gallery-item'>\n\t\t\t<dt class='gallery-icon landscape'>\n\t\t\t\t<a href='https:\/\/www.sudoestehoje.com.br\/novoportal\/2025\/09\/04\/itapetinga-prosseguem-comemoracoes-da-semana-da-patria-no-paco-municipal\/imagem-do-whatsapp-de-2025-09-04-as-08-37-43_d9c17a9b-2\/'><img loading=\"lazy\" decoding=\"async\" width=\"150\" height=\"84\" src=\"https:\/\/www.sudoestehoje.com.br\/novoportal\/wp-content\/uploads\/2025\/09\/Imagem-do-WhatsApp-de-2025-09-04-as-08.37.43_d9c17a9b-1.jpg\" class=\"attachment-thumbnail size-thumbnail\" alt=\"\" \/><\/a>\n\t\t\t<\/dt><\/dl><br style=\"clear: both\" \/><dl class='gallery-item'>\n\t\t\t<dt class='gallery-icon landscape'>\n\t\t\t\t<a href='https:\/\/www.sudoestehoje.com.br\/novoportal\/2025\/09\/04\/itapetinga-prosseguem-comemoracoes-da-semana-da-patria-no-paco-municipal\/imagem-do-whatsapp-de-2025-09-04-as-08-37-44_36502aa7\/'><img loading=\"lazy\" decoding=\"async\" width=\"150\" height=\"84\" src=\"https:\/\/www.sudoestehoje.com.br\/novoportal\/wp-content\/uploads\/2025\/09\/Imagem-do-WhatsApp-de-2025-09-04-as-08.37.44_36502aa7.jpg\" class=\"attachment-thumbnail size-thumbnail\" alt=\"\" \/><\/a>\n\t\t\t<\/dt><\/dl><dl class='gallery-item'>\n\t\t\t<dt class='gallery-icon landscape'>\n\t\t\t\t<a href='https:\/\/www.sudoestehoje.com.br\/novoportal\/2025\/09\/04\/itapetinga-prosseguem-comemoracoes-da-semana-da-patria-no-paco-municipal\/imagem-do-whatsapp-de-2025-09-04-as-08-37-44_d9031181\/'><img loading=\"lazy\" decoding=\"async\" width=\"150\" height=\"84\" src=\"https:\/\/www.sudoestehoje.com.br\/novoportal\/wp-content\/uploads\/2025\/09\/Imagem-do-WhatsApp-de-2025-09-04-as-08.37.44_d9031181.jpg\" class=\"attachment-thumbnail size-thumbnail\" alt=\"\" \/><\/a>\n\t\t\t<\/dt><\/dl><dl class='gallery-item'>\n\t\t\t<dt class='gallery-icon landscape'>\n\t\t\t\t<a href='https:\/\/www.sudoestehoje.com.br\/novoportal\/2025\/09\/04\/itapetinga-prosseguem-comemoracoes-da-semana-da-patria-no-paco-municipal\/imagem-do-whatsapp-de-2025-09-04-as-08-37-44_e517ecb8\/'><img loading=\"lazy\" decoding=\"async\" width=\"150\" height=\"84\" src=\"https:\/\/www.sudoestehoje.com.br\/novoportal\/wp-content\/uploads\/2025\/09\/Imagem-do-WhatsApp-de-2025-09-04-as-08.37.44_e517ecb8.jpg\" class=\"attachment-thumbnail size-thumbnail\" alt=\"\" \/><\/a>\n\t\t\t<\/dt><\/dl><br style=\"clear: both\" \/><dl class='gallery-item'>\n\t\t\t<dt class='gallery-icon landscape'>\n\t\t\t\t<a href='https:\/\/www.sudoestehoje.com.br\/novoportal\/2025\/09\/04\/itapetinga-prosseguem-comemoracoes-da-semana-da-patria-no-paco-municipal\/imagem-do-whatsapp-de-2025-09-04-as-08-37-44_fd3e6857\/'><img loading=\"lazy\" decoding=\"async\" width=\"150\" height=\"84\" src=\"https:\/\/www.sudoestehoje.com.br\/novoportal\/wp-content\/uploads\/2025\/09\/Imagem-do-WhatsApp-de-2025-09-04-as-08.37.44_fd3e6857.jpg\" class=\"attachment-thumbnail size-thumbnail\" alt=\"\" \/><\/a>\n\t\t\t<\/dt><\/dl><dl class='gallery-item'>\n\t\t\t<dt class='gallery-icon landscape'>\n\t\t\t\t<a href='https:\/\/www.sudoestehoje.com.br\/novoportal\/2025\/09\/04\/itapetinga-prosseguem-comemoracoes-da-semana-da-patria-no-paco-municipal\/imagem-do-whatsapp-de-2025-09-04-as-08-37-43_8efe1110\/'><img loading=\"lazy\" decoding=\"async\" width=\"150\" height=\"84\" src=\"https:\/\/www.sudoestehoje.com.br\/novoportal\/wp-content\/uploads\/2025\/09\/Imagem-do-WhatsApp-de-2025-09-04-as-08.37.43_8efe1110.jpg\" class=\"attachment-thumbnail size-thumbnail\" alt=\"\" \/><\/a>\n\t\t\t<\/dt><\/dl><dl class='gallery-item'>\n\t\t\t<dt class='gallery-icon landscape'>\n\t\t\t\t<a href='https:\/\/www.sudoestehoje.com.br\/novoportal\/2025\/09\/04\/itapetinga-prosseguem-comemoracoes-da-semana-da-patria-no-paco-municipal\/imagem-do-whatsapp-de-2025-09-04-as-08-37-42_e408c32f\/'><img loading=\"lazy\" decoding=\"async\" width=\"150\" height=\"84\" src=\"https:\/\/www.sudoestehoje.com.br\/novoportal\/wp-content\/uploads\/2025\/09\/Imagem-do-WhatsApp-de-2025-09-04-as-08.37.42_e408c32f.jpg\" class=\"attachment-thumbnail size-thumbnail\" alt=\"\" \/><\/a>\n\t\t\t<\/dt><\/dl><br style=\"clear: both\" \/><dl class='gallery-item'>\n\t\t\t<dt class='gallery-icon landscape'>\n\t\t\t\t<a href='https:\/\/www.sudoestehoje.com.br\/novoportal\/2025\/09\/04\/itapetinga-prosseguem-comemoracoes-da-semana-da-patria-no-paco-municipal\/imagem-do-whatsapp-de-2025-09-04-as-08-37-42_82924c7f\/'><img loading=\"lazy\" decoding=\"async\" width=\"150\" height=\"84\" src=\"https:\/\/www.sudoestehoje.com.br\/novoportal\/wp-content\/uploads\/2025\/09\/Imagem-do-WhatsApp-de-2025-09-04-as-08.37.42_82924c7f.jpg\" class=\"attachment-thumbnail size-thumbnail\" alt=\"\" \/><\/a>\n\t\t\t<\/dt><\/dl><dl class='gallery-item'>\n\t\t\t<dt class='gallery-icon landscape'>\n\t\t\t\t<a href='https:\/\/www.sudoestehoje.com.br\/novoportal\/2025\/09\/04\/itapetinga-prosseguem-comemoracoes-da-semana-da-patria-no-paco-municipal\/imagem-do-whatsapp-de-2025-09-04-as-08-37-42_8f4186fc\/'><img loading=\"lazy\" decoding=\"async\" width=\"150\" height=\"84\" src=\"https:\/\/www.sudoestehoje.com.br\/novoportal\/wp-content\/uploads\/2025\/09\/Imagem-do-WhatsApp-de-2025-09-04-as-08.37.42_8f4186fc.jpg\" class=\"attachment-thumbnail size-thumbnail\" alt=\"\" \/><\/a>\n\t\t\t<\/dt><\/dl><dl class='gallery-item'>\n\t\t\t<dt class='gallery-icon landscape'>\n\t\t\t\t<a href='https:\/\/www.sudoestehoje.com.br\/novoportal\/2025\/09\/04\/itapetinga-prosseguem-comemoracoes-da-semana-da-patria-no-paco-municipal\/imagem-do-whatsapp-de-2025-09-04-as-08-37-41_59bdb995\/'><img loading=\"lazy\" decoding=\"async\" width=\"150\" height=\"84\" src=\"https:\/\/www.sudoestehoje.com.br\/novoportal\/wp-content\/uploads\/2025\/09\/Imagem-do-WhatsApp-de-2025-09-04-as-08.37.41_59bdb995.jpg\" class=\"attachment-thumbnail size-thumbnail\" alt=\"\" \/><\/a>\n\t\t\t<\/dt><\/dl><br style=\"clear: both\" \/>\n\t\t<\/div>\n\n","protected":false},"excerpt":{"rendered":"<p>As comemora\u00e7\u00f5es da &#8216;SEMANA DA P\u00c1TRIA&#8217; continuam acontecendo em Itapetinga, no Pa\u00e7o Municipal, mantendo uma tradi\u00e7\u00e3o de mais de 60 anos no munic\u00edpio. Nessas comemora\u00e7\u00f5es c\u00edvicas que antecedem ao desfile do 7 de Setembro, autoridades municipais, alunos das escolas das redes municipal, estadual, Tiro de Guerra, Guarda Municipal, brigadas civis de bombeiros, professores e in\u00fameras [&hellip;]<\/p>\n","protected":false},"author":2,"featured_media":123288,"comment_status":"closed","ping_status":"open","sticky":false,"template":"","format":"standard","meta":{"footnotes":"","_links_to":"","_links_to_target":""},"categories":[1],"tags":[],"class_list":["post-123279","post","type-post","status-publish","format-standard","has-post-thumbnail","hentry","category-geral"],"views":412,"_links":{"self":[{"href":"https:\/\/www.sudoestehoje.com.br\/novoportal\/wp-json\/wp\/v2\/posts\/123279","targetHints":{"allow":["GET"]}}],"collection":[{"href":"https:\/\/www.sudoestehoje.com.br\/novoportal\/wp-json\/wp\/v2\/posts"}],"about":[{"href":"https:\/\/www.sudoestehoje.com.br\/novoportal\/wp-json\/wp\/v2\/types\/post"}],"author":[{"embeddable":true,"href":"https:\/\/www.sudoestehoje.com.br\/novoportal\/wp-json\/wp\/v2\/users\/2"}],"replies":[{"embeddable":true,"href":"https:\/\/www.sudoestehoje.com.br\/novoportal\/wp-json\/wp\/v2\/comments?post=123279"}],"version-history":[{"count":3,"href":"https:\/\/www.sudoestehoje.com.br\/novoportal\/wp-json\/wp\/v2\/posts\/123279\/revisions"}],"predecessor-version":[{"id":123298,"href":"https:\/\/www.sudoestehoje.com.br\/novoportal\/wp-json\/wp\/v2\/posts\/123279\/revisions\/123298"}],"wp:featuredmedia":[{"embeddable":true,"href":"https:\/\/www.sudoestehoje.com.br\/novoportal\/wp-json\/wp\/v2\/media\/123288"}],"wp:attachment":[{"href":"https:\/\/www.sudoestehoje.com.br\/novoportal\/wp-json\/wp\/v2\/media?parent=123279"}],"wp:term":[{"taxonomy":"category","embeddable":true,"href":"https:\/\/www.sudoestehoje.com.br\/novoportal\/wp-json\/wp\/v2\/categories?post=123279"},{"taxonomy":"post_tag","embeddable":true,"href":"https:\/\/www.sudoestehoje.com.br\/novoportal\/wp-json\/wp\/v2\/tags?post=123279"}],"curies":[{"name":"wp","href":"https:\/\/api.w.org\/{rel}","templated":true}]}}