
{"id":123264,"date":"2025-09-03T16:53:18","date_gmt":"2025-09-03T19:53:18","guid":{"rendered":"https:\/\/www.sudoestehoje.com.br\/novoportal\/?p=123264"},"modified":"2025-09-03T16:53:18","modified_gmt":"2025-09-03T19:53:18","slug":"br-116-jequie-uma-pessoa-morre-e-seis-ficam-feridas-apos-batida-entre-um-carro-uma-ambulancia-e-tres-caminhoes","status":"publish","type":"post","link":"https:\/\/www.sudoestehoje.com.br\/novoportal\/2025\/09\/03\/br-116-jequie-uma-pessoa-morre-e-seis-ficam-feridas-apos-batida-entre-um-carro-uma-ambulancia-e-tres-caminhoes\/","title":{"rendered":"BR-116 JEQUI\u00c9 | UMA PESSOA MORRE E SEIS FICAM FERIDAS AP\u00d3S BATIDA ENTRE UM CARRO, UMA AMBUL\u00c2NCIA E TR\u00caS CAMINH\u00d5ES"},"content":{"rendered":"<div id=\"chunk-238gj\">\n<div class=\"mc-column content-text active-extra-styles \" data-block-type=\"unstyled\" data-block-weight=\"35\" data-block-id=\"3\">\n<p data-track-category=\"Link no Texto\" data-track-links=\"\" data-mrf-recirculation=\"Mat\u00e9ria - Links no Texto\"><img loading=\"lazy\" decoding=\"async\" class=\"alignnone size-full wp-image-123265\" src=\"https:\/\/www.sudoestehoje.com.br\/novoportal\/wp-content\/uploads\/2025\/09\/Imagem-do-WhatsApp-de-2025-09-03-as-16.43.52_fe7a675c.jpg\" alt=\"\" width=\"1079\" height=\"583\" \/><\/p>\n<p class=\" content-text__container \" data-track-category=\"Link no Texto\" data-track-links=\"\" data-mrf-recirculation=\"Mat\u00e9ria - Links no Texto\">Uma pessoa morreu e seis ficaram feridas ap\u00f3s uma batida entre um carro, uma ambul\u00e2ncia e tr\u00eas caminh\u00f5es na madrugada desta quarta-feira (3), na BR-116, em trecho da cidade de\u00a0Jequi\u00e9, no sudoeste da Bahia.<\/p>\n<\/div>\n<\/div>\n<div class=\"wall protected-content\">\n<div id=\"chunk-4aqd\">\n<div class=\"mc-column content-text active-extra-styles \" data-block-type=\"unstyled\" data-block-weight=\"27\" data-block-id=\"5\">\n<p class=\" content-text__container \" data-track-category=\"Link no Texto\" data-track-links=\"\" data-mrf-recirculation=\"Mat\u00e9ria - Links no Texto\">Segundo informa\u00e7\u00f5es da\u00a0Pol\u00edcia Rodovi\u00e1ria Federal\u00a0(PRF), o acidente aconteceu por volta das 0h30, no km 697. Ainda n\u00e3o h\u00e1 informa\u00e7\u00f5es sobre o que motivou a batida.<\/p>\n<\/div>\n<\/div>\n<div id=\"chunk-5hctl\">\n<div class=\"mc-column content-text active-extra-styles \" data-block-type=\"unstyled\" data-block-weight=\"32\" data-block-id=\"6\">\n<p class=\" content-text__container \" data-track-category=\"Link no Texto\" data-track-links=\"\" data-mrf-recirculation=\"Mat\u00e9ria - Links no Texto\">De acordo com a PRF, a pessoa que morreu estava no carro, onde outras duas v\u00edtimas ficaram presas \u00e0s ferragens. Elas foram resgatadas e levadas para o Hospital Geral Prado Valadares.<\/p>\n<p data-track-category=\"Link no Texto\" data-track-links=\"\" data-mrf-recirculation=\"Mat\u00e9ria - Links no Texto\">A TV Sudoeste, afiliada da TV Bahia na regi\u00e3o, apurou que a pessoa que morreu foi identificada como\u00a0<strong>Carla dos Santos Pereira, de 28 anos<\/strong>.<\/p>\n<div id=\"chunk-b19du\">\n<div class=\"mc-column content-text active-extra-styles \" data-block-type=\"unstyled\" data-block-weight=\"29\" data-block-id=\"11\">\n<p class=\" content-text__container \" data-track-category=\"Link no Texto\" data-track-links=\"\" data-mrf-recirculation=\"Mat\u00e9ria - Links no Texto\">Na ambul\u00e2ncia, duas pessoas tiveram ferimentos leves e outras duas foram socorridas e levadas para o hospital em estado grave. Os ocupantes dos ve\u00edculos de carga n\u00e3o ficaram feridos.<\/p>\n<\/div>\n<\/div>\n<div id=\"chunk-1k51q\">\n<div class=\"mc-column content-text active-extra-styles \" data-block-type=\"unstyled\" data-block-weight=\"41\" data-block-id=\"12\">\n<p class=\" content-text__container \" data-track-category=\"Link no Texto\" data-track-links=\"\" data-mrf-recirculation=\"Mat\u00e9ria - Links no Texto\">Por causa do acidente,\u00a0<span class=\"highlight highlighted\">a pista ficou interditada entre 1h e 6h10.<\/span>\u00a0Al\u00e9m das equipes da PRF, agentes do Corpo de Bombeiros, do Departamento de Pol\u00edcia T\u00e9cnica (DPT) e funcion\u00e1rios do Servi\u00e7o de Atendimento M\u00e9dico de Urg\u00eancia (Samu) estiveram no local.<\/p>\n<\/div>\n<\/div>\n<\/div>\n<\/div>\n<\/div>\n","protected":false},"excerpt":{"rendered":"<p>Uma pessoa morreu e seis ficaram feridas ap\u00f3s uma batida entre um carro, uma ambul\u00e2ncia e tr\u00eas caminh\u00f5es na madrugada desta quarta-feira (3), na BR-116, em trecho da cidade de\u00a0Jequi\u00e9, no sudoeste da Bahia. Segundo informa\u00e7\u00f5es da\u00a0Pol\u00edcia Rodovi\u00e1ria Federal\u00a0(PRF), o acidente aconteceu por volta das 0h30, no km 697. Ainda n\u00e3o h\u00e1 informa\u00e7\u00f5es sobre o [&hellip;]<\/p>\n","protected":false},"author":2,"featured_media":123265,"comment_status":"closed","ping_status":"open","sticky":false,"template":"","format":"standard","meta":{"footnotes":"","_links_to":"","_links_to_target":""},"categories":[1],"tags":[],"class_list":["post-123264","post","type-post","status-publish","format-standard","has-post-thumbnail","hentry","category-geral"],"views":762,"_links":{"self":[{"href":"https:\/\/www.sudoestehoje.com.br\/novoportal\/wp-json\/wp\/v2\/posts\/123264","targetHints":{"allow":["GET"]}}],"collection":[{"href":"https:\/\/www.sudoestehoje.com.br\/novoportal\/wp-json\/wp\/v2\/posts"}],"about":[{"href":"https:\/\/www.sudoestehoje.com.br\/novoportal\/wp-json\/wp\/v2\/types\/post"}],"author":[{"embeddable":true,"href":"https:\/\/www.sudoestehoje.com.br\/novoportal\/wp-json\/wp\/v2\/users\/2"}],"replies":[{"embeddable":true,"href":"https:\/\/www.sudoestehoje.com.br\/novoportal\/wp-json\/wp\/v2\/comments?post=123264"}],"version-history":[{"count":3,"href":"https:\/\/www.sudoestehoje.com.br\/novoportal\/wp-json\/wp\/v2\/posts\/123264\/revisions"}],"predecessor-version":[{"id":123268,"href":"https:\/\/www.sudoestehoje.com.br\/novoportal\/wp-json\/wp\/v2\/posts\/123264\/revisions\/123268"}],"wp:featuredmedia":[{"embeddable":true,"href":"https:\/\/www.sudoestehoje.com.br\/novoportal\/wp-json\/wp\/v2\/media\/123265"}],"wp:attachment":[{"href":"https:\/\/www.sudoestehoje.com.br\/novoportal\/wp-json\/wp\/v2\/media?parent=123264"}],"wp:term":[{"taxonomy":"category","embeddable":true,"href":"https:\/\/www.sudoestehoje.com.br\/novoportal\/wp-json\/wp\/v2\/categories?post=123264"},{"taxonomy":"post_tag","embeddable":true,"href":"https:\/\/www.sudoestehoje.com.br\/novoportal\/wp-json\/wp\/v2\/tags?post=123264"}],"curies":[{"name":"wp","href":"https:\/\/api.w.org\/{rel}","templated":true}]}}