
{"id":123257,"date":"2025-09-03T15:58:31","date_gmt":"2025-09-03T18:58:31","guid":{"rendered":"https:\/\/www.sudoestehoje.com.br\/novoportal\/?p=123257"},"modified":"2025-09-03T16:04:03","modified_gmt":"2025-09-03T19:04:03","slug":"itapetinga-camara-aprova-doacao-de-terreno-ao-estado-para-construcao-da-policlinica-e-hospital-regional","status":"publish","type":"post","link":"https:\/\/www.sudoestehoje.com.br\/novoportal\/2025\/09\/03\/itapetinga-camara-aprova-doacao-de-terreno-ao-estado-para-construcao-da-policlinica-e-hospital-regional\/","title":{"rendered":"ITAPETINGA | C\u00c2MARA APROVA DOA\u00c7\u00c3O DE TERRENO AO ESTADO PARA CONSTRU\u00c7\u00c3O DA POLICL\u00cdNICA E HOSPITAL REGIONAL"},"content":{"rendered":"<p><img loading=\"lazy\" decoding=\"async\" class=\"alignnone size-full wp-image-123259\" src=\"https:\/\/www.sudoestehoje.com.br\/novoportal\/wp-content\/uploads\/2025\/09\/Imagem-do-WhatsApp-de-2025-06-03-as-18.12.02_f4edb1a7.jpg\" alt=\"\" width=\"1600\" height=\"901\" \/><\/p>\n<p>A C\u00e2mara Municipal de Itapetinga realizou, nesta quarta-feira, 3 de setembro, duas sess\u00f5es ordin\u00e1rias que resultaram na aprova\u00e7\u00e3o de mat\u00e9rias de grande relev\u00e2ncia para o munic\u00edpio e toda a regi\u00e3o.<\/p>\n<p>Entre elas, destacou-se o Projeto de Lei n\u00ba 019\/2025, de autoria do Poder Executivo, que autoriza a doa\u00e7\u00e3o de um im\u00f3vel ao Estado da Bahia para a implanta\u00e7\u00e3o do Hospital Regional e de uma Policl\u00ednica Regional em Itapetinga.<\/p>\n<p>O terreno objeto da doa\u00e7\u00e3o est\u00e1 situado \u00e0s margens da Rodovia BA-263, Km 03, devidamente incorporado ao patrim\u00f4nio municipal em decorr\u00eancia de permuta autorizada pelas Leis Municipais n\u00ba 1.668\/2025 e n\u00ba 1.678\/2025.<\/p>\n<p>O projeto aprovado estabelece ainda que, caso o im\u00f3vel n\u00e3o seja utilizado para a finalidade prevista, ele retornar\u00e1 ao patrim\u00f4nio do munic\u00edpio, resguardando o interesse p\u00fablico. \/\/<em>Informa\u00e7\u00f5es Ascom C\u00e2mara<\/em><\/p>\n","protected":false},"excerpt":{"rendered":"<p>A C\u00e2mara Municipal de Itapetinga realizou, nesta quarta-feira, 3 de setembro, duas sess\u00f5es ordin\u00e1rias que resultaram na aprova\u00e7\u00e3o de mat\u00e9rias de grande relev\u00e2ncia para o munic\u00edpio e toda a regi\u00e3o. Entre elas, destacou-se o Projeto de Lei n\u00ba 019\/2025, de autoria do Poder Executivo, que autoriza a doa\u00e7\u00e3o de um im\u00f3vel ao Estado da Bahia [&hellip;]<\/p>\n","protected":false},"author":2,"featured_media":123259,"comment_status":"closed","ping_status":"open","sticky":false,"template":"","format":"standard","meta":{"footnotes":"","_links_to":"","_links_to_target":""},"categories":[1],"tags":[],"class_list":["post-123257","post","type-post","status-publish","format-standard","has-post-thumbnail","hentry","category-geral"],"views":661,"_links":{"self":[{"href":"https:\/\/www.sudoestehoje.com.br\/novoportal\/wp-json\/wp\/v2\/posts\/123257","targetHints":{"allow":["GET"]}}],"collection":[{"href":"https:\/\/www.sudoestehoje.com.br\/novoportal\/wp-json\/wp\/v2\/posts"}],"about":[{"href":"https:\/\/www.sudoestehoje.com.br\/novoportal\/wp-json\/wp\/v2\/types\/post"}],"author":[{"embeddable":true,"href":"https:\/\/www.sudoestehoje.com.br\/novoportal\/wp-json\/wp\/v2\/users\/2"}],"replies":[{"embeddable":true,"href":"https:\/\/www.sudoestehoje.com.br\/novoportal\/wp-json\/wp\/v2\/comments?post=123257"}],"version-history":[{"count":5,"href":"https:\/\/www.sudoestehoje.com.br\/novoportal\/wp-json\/wp\/v2\/posts\/123257\/revisions"}],"predecessor-version":[{"id":123263,"href":"https:\/\/www.sudoestehoje.com.br\/novoportal\/wp-json\/wp\/v2\/posts\/123257\/revisions\/123263"}],"wp:featuredmedia":[{"embeddable":true,"href":"https:\/\/www.sudoestehoje.com.br\/novoportal\/wp-json\/wp\/v2\/media\/123259"}],"wp:attachment":[{"href":"https:\/\/www.sudoestehoje.com.br\/novoportal\/wp-json\/wp\/v2\/media?parent=123257"}],"wp:term":[{"taxonomy":"category","embeddable":true,"href":"https:\/\/www.sudoestehoje.com.br\/novoportal\/wp-json\/wp\/v2\/categories?post=123257"},{"taxonomy":"post_tag","embeddable":true,"href":"https:\/\/www.sudoestehoje.com.br\/novoportal\/wp-json\/wp\/v2\/tags?post=123257"}],"curies":[{"name":"wp","href":"https:\/\/api.w.org\/{rel}","templated":true}]}}