
{"id":123251,"date":"2025-09-02T15:23:28","date_gmt":"2025-09-02T18:23:28","guid":{"rendered":"https:\/\/www.sudoestehoje.com.br\/novoportal\/?p=123251"},"modified":"2025-09-02T15:28:47","modified_gmt":"2025-09-02T18:28:47","slug":"vereador-valquirao-e-comandante-da-gm-superam-mal-entendido-apos-intervencao-do-gabinete-do-prefeito","status":"publish","type":"post","link":"https:\/\/www.sudoestehoje.com.br\/novoportal\/2025\/09\/02\/vereador-valquirao-e-comandante-da-gm-superam-mal-entendido-apos-intervencao-do-gabinete-do-prefeito\/","title":{"rendered":"VEREADOR VALQUIR\u00c3O E COMANDANTE DA GM SUPERAM MAL ENTENDIDO AP\u00d3S INTERVEN\u00c7\u00c3O DO GABINETE DO PREFEITO"},"content":{"rendered":"<p><img loading=\"lazy\" decoding=\"async\" class=\"alignnone size-full wp-image-123253\" src=\"https:\/\/www.sudoestehoje.com.br\/novoportal\/wp-content\/uploads\/2025\/09\/Imagem-do-WhatsApp-de-2025-09-02-as-14.26.00_45efa840.jpg\" alt=\"\" width=\"1208\" height=\"993\" \/><\/p>\n<p>Repercutiu nas redes sociais e parte da imprensa de Itapetinga, um suposto desentendimento entre o Vereador Valquir\u00e3o e o comandante da Guarda Municipal, GM Marcio Santos, nesta ter\u00e7a-feira (2), depois de um pronunciamento do vereador na tribuna da c\u00e2mara municipal.<\/p>\n<p>Ao tomar conhecimento, o gabinete do prefeito Eduardo Hagge destacou o secret\u00e1rio de governo Geraldo Trindade para se inteirar do ocorrido e aplacar os \u00e2nimos das partes envolvidas.<\/p>\n<p><img loading=\"lazy\" decoding=\"async\" class=\"alignnone size-full wp-image-123252\" src=\"https:\/\/www.sudoestehoje.com.br\/novoportal\/wp-content\/uploads\/2025\/09\/Imagem-do-WhatsApp-de-2025-09-02-as-14.26.00_ae296fba.jpg\" alt=\"\" width=\"1190\" height=\"733\" \/><\/p>\n<p>Imediatamente, Geraldo se reuniu com Valquir\u00e3o e o GM M\u00e1rcio, chegando \u00e0 conclus\u00e3o de que tudo n\u00e3o havia passado de um mal entendido, prontamente solucionado ap\u00f3s o encontro que contou com parte da bancada de vereadores da base , que continua apoiando o prefeito Eduardo Hagge, incondicionalmente.<\/p>\n<p>Com uma boa conversa, tudo se resolve&#8230;<\/p>\n<p>Por Davi Ferraz<\/p>\n","protected":false},"excerpt":{"rendered":"<p>Repercutiu nas redes sociais e parte da imprensa de Itapetinga, um suposto desentendimento entre o Vereador Valquir\u00e3o e o comandante da Guarda Municipal, GM Marcio Santos, nesta ter\u00e7a-feira (2), depois de um pronunciamento do vereador na tribuna da c\u00e2mara municipal. Ao tomar conhecimento, o gabinete do prefeito Eduardo Hagge destacou o secret\u00e1rio de governo Geraldo [&hellip;]<\/p>\n","protected":false},"author":2,"featured_media":123253,"comment_status":"closed","ping_status":"open","sticky":false,"template":"","format":"standard","meta":{"footnotes":"","_links_to":"","_links_to_target":""},"categories":[1],"tags":[],"class_list":["post-123251","post","type-post","status-publish","format-standard","has-post-thumbnail","hentry","category-geral"],"views":896,"_links":{"self":[{"href":"https:\/\/www.sudoestehoje.com.br\/novoportal\/wp-json\/wp\/v2\/posts\/123251","targetHints":{"allow":["GET"]}}],"collection":[{"href":"https:\/\/www.sudoestehoje.com.br\/novoportal\/wp-json\/wp\/v2\/posts"}],"about":[{"href":"https:\/\/www.sudoestehoje.com.br\/novoportal\/wp-json\/wp\/v2\/types\/post"}],"author":[{"embeddable":true,"href":"https:\/\/www.sudoestehoje.com.br\/novoportal\/wp-json\/wp\/v2\/users\/2"}],"replies":[{"embeddable":true,"href":"https:\/\/www.sudoestehoje.com.br\/novoportal\/wp-json\/wp\/v2\/comments?post=123251"}],"version-history":[{"count":2,"href":"https:\/\/www.sudoestehoje.com.br\/novoportal\/wp-json\/wp\/v2\/posts\/123251\/revisions"}],"predecessor-version":[{"id":123255,"href":"https:\/\/www.sudoestehoje.com.br\/novoportal\/wp-json\/wp\/v2\/posts\/123251\/revisions\/123255"}],"wp:featuredmedia":[{"embeddable":true,"href":"https:\/\/www.sudoestehoje.com.br\/novoportal\/wp-json\/wp\/v2\/media\/123253"}],"wp:attachment":[{"href":"https:\/\/www.sudoestehoje.com.br\/novoportal\/wp-json\/wp\/v2\/media?parent=123251"}],"wp:term":[{"taxonomy":"category","embeddable":true,"href":"https:\/\/www.sudoestehoje.com.br\/novoportal\/wp-json\/wp\/v2\/categories?post=123251"},{"taxonomy":"post_tag","embeddable":true,"href":"https:\/\/www.sudoestehoje.com.br\/novoportal\/wp-json\/wp\/v2\/tags?post=123251"}],"curies":[{"name":"wp","href":"https:\/\/api.w.org\/{rel}","templated":true}]}}