
{"id":123237,"date":"2025-08-31T23:20:21","date_gmt":"2025-09-01T02:20:21","guid":{"rendered":"https:\/\/www.sudoestehoje.com.br\/novoportal\/?p=123237"},"modified":"2025-08-31T23:23:45","modified_gmt":"2025-09-01T02:23:45","slug":"coopardo-participa-da-cavalgada-das-brabas-empoderadas-em-macarani","status":"publish","type":"post","link":"https:\/\/www.sudoestehoje.com.br\/novoportal\/2025\/08\/31\/coopardo-participa-da-cavalgada-das-brabas-empoderadas-em-macarani\/","title":{"rendered":"COOPARDO PARTICIPA DA CAVALGADA DAS &#8216;BRABAS EMPODERADAS&#8217; EM MACARANI"},"content":{"rendered":"<p><img loading=\"lazy\" decoding=\"async\" class=\"alignnone size-full wp-image-123239\" src=\"https:\/\/www.sudoestehoje.com.br\/novoportal\/wp-content\/uploads\/2025\/08\/Imagem-do-WhatsApp-de-2025-08-31-as-23.04.23_97a97913.jpg\" alt=\"\" width=\"1280\" height=\"960\" \/><\/p>\n<p>Nas comemora\u00e7\u00f5es do Dia do Vaqueiro, na cidade de Macarani, a Coopardo teve participa\u00e7\u00e3o ativa na Cavalgada das\u00a0 Brabas Empoderadas, evento organizado por mulheres da cidade e de toda a regi\u00e3o, ligadas ao agroneg\u00f3cio.<\/p>\n<p>Presente ao evento juntamente com sua fam\u00edlia, Alex Coelho destacou a import\u00e2ncia das comemora\u00e7\u00f5es do Dia do Vaqueiro e o incentivo por parte da Coopardo, atuando como patrocinadora e incentivadora das festas ligadas ao agro na regi\u00e3o.<\/p>\n<p>Al\u00e9m das mulheres ligadas ao agro, vaqueiros da regi\u00e3o tamb\u00e9m participaram da cavalgada e dos festejos. Confira fotos:<\/p>\n\n\t\t<style type=\"text\/css\">\n\t\t\t#gallery-1 {\n\t\t\t\tmargin: auto;\n\t\t\t}\n\t\t\t#gallery-1 .gallery-item {\n\t\t\t\tfloat: left;\n\t\t\t\tmargin-top: 10px;\n\t\t\t\ttext-align: center;\n\t\t\t\twidth: 33%;\n\t\t\t}\n\t\t\t#gallery-1 img {\n\t\t\t\tborder: 2px solid #cfcfcf;\n\t\t\t}\n\t\t\t#gallery-1 .gallery-caption {\n\t\t\t\tmargin-left: 0;\n\t\t\t}\n\t\t\t\/* see gallery_shortcode() in wp-includes\/media.php *\/\n\t\t<\/style>\n\t\t<div id='gallery-1' class='gallery galleryid-123237 gallery-columns-3 gallery-size-thumbnail'><dl class='gallery-item'>\n\t\t\t<dt class='gallery-icon landscape'>\n\t\t\t\t<a href='https:\/\/www.sudoestehoje.com.br\/novoportal\/2025\/08\/31\/coopardo-participa-da-cavalgada-das-brabas-empoderadas-em-macarani\/imagem-do-whatsapp-de-2025-08-31-as-23-04-23_97a97913\/'><img loading=\"lazy\" decoding=\"async\" width=\"150\" height=\"113\" src=\"https:\/\/www.sudoestehoje.com.br\/novoportal\/wp-content\/uploads\/2025\/08\/Imagem-do-WhatsApp-de-2025-08-31-as-23.04.23_97a97913.jpg\" class=\"attachment-thumbnail size-thumbnail\" alt=\"\" \/><\/a>\n\t\t\t<\/dt><\/dl><dl class='gallery-item'>\n\t\t\t<dt class='gallery-icon landscape'>\n\t\t\t\t<a href='https:\/\/www.sudoestehoje.com.br\/novoportal\/2025\/08\/31\/coopardo-participa-da-cavalgada-das-brabas-empoderadas-em-macarani\/imagem-do-whatsapp-de-2025-08-31-as-23-04-23_21c14989\/'><img loading=\"lazy\" decoding=\"async\" width=\"150\" height=\"113\" src=\"https:\/\/www.sudoestehoje.com.br\/novoportal\/wp-content\/uploads\/2025\/08\/Imagem-do-WhatsApp-de-2025-08-31-as-23.04.23_21c14989.jpg\" class=\"attachment-thumbnail size-thumbnail\" alt=\"\" \/><\/a>\n\t\t\t<\/dt><\/dl><dl class='gallery-item'>\n\t\t\t<dt class='gallery-icon landscape'>\n\t\t\t\t<a href='https:\/\/www.sudoestehoje.com.br\/novoportal\/2025\/08\/31\/coopardo-participa-da-cavalgada-das-brabas-empoderadas-em-macarani\/imagem-do-whatsapp-de-2025-08-31-as-23-04-23_38611701\/'><img loading=\"lazy\" decoding=\"async\" width=\"150\" height=\"113\" src=\"https:\/\/www.sudoestehoje.com.br\/novoportal\/wp-content\/uploads\/2025\/08\/Imagem-do-WhatsApp-de-2025-08-31-as-23.04.23_38611701.jpg\" class=\"attachment-thumbnail size-thumbnail\" alt=\"\" \/><\/a>\n\t\t\t<\/dt><\/dl><br style=\"clear: both\" \/><dl class='gallery-item'>\n\t\t\t<dt class='gallery-icon landscape'>\n\t\t\t\t<a href='https:\/\/www.sudoestehoje.com.br\/novoportal\/2025\/08\/31\/coopardo-participa-da-cavalgada-das-brabas-empoderadas-em-macarani\/imagem-do-whatsapp-de-2025-08-31-as-23-04-24_3d70cf6c\/'><img loading=\"lazy\" decoding=\"async\" width=\"150\" height=\"113\" src=\"https:\/\/www.sudoestehoje.com.br\/novoportal\/wp-content\/uploads\/2025\/08\/Imagem-do-WhatsApp-de-2025-08-31-as-23.04.24_3d70cf6c.jpg\" class=\"attachment-thumbnail size-thumbnail\" alt=\"\" \/><\/a>\n\t\t\t<\/dt><\/dl><dl class='gallery-item'>\n\t\t\t<dt class='gallery-icon portrait'>\n\t\t\t\t<a href='https:\/\/www.sudoestehoje.com.br\/novoportal\/2025\/08\/31\/coopardo-participa-da-cavalgada-das-brabas-empoderadas-em-macarani\/imagem-do-whatsapp-de-2025-08-31-as-23-04-25_b70b5e36\/'><img loading=\"lazy\" decoding=\"async\" width=\"113\" height=\"150\" src=\"https:\/\/www.sudoestehoje.com.br\/novoportal\/wp-content\/uploads\/2025\/08\/Imagem-do-WhatsApp-de-2025-08-31-as-23.04.25_b70b5e36.jpg\" class=\"attachment-thumbnail size-thumbnail\" alt=\"\" \/><\/a>\n\t\t\t<\/dt><\/dl><dl class='gallery-item'>\n\t\t\t<dt class='gallery-icon portrait'>\n\t\t\t\t<a href='https:\/\/www.sudoestehoje.com.br\/novoportal\/2025\/08\/31\/coopardo-participa-da-cavalgada-das-brabas-empoderadas-em-macarani\/imagem-do-whatsapp-de-2025-08-31-as-23-04-25_39812900\/'><img loading=\"lazy\" decoding=\"async\" width=\"112\" height=\"150\" src=\"https:\/\/www.sudoestehoje.com.br\/novoportal\/wp-content\/uploads\/2025\/08\/Imagem-do-WhatsApp-de-2025-08-31-as-23.04.25_39812900.jpg\" class=\"attachment-thumbnail size-thumbnail\" alt=\"\" \/><\/a>\n\t\t\t<\/dt><\/dl><br style=\"clear: both\" \/><dl class='gallery-item'>\n\t\t\t<dt class='gallery-icon portrait'>\n\t\t\t\t<a href='https:\/\/www.sudoestehoje.com.br\/novoportal\/2025\/08\/31\/coopardo-participa-da-cavalgada-das-brabas-empoderadas-em-macarani\/imagem-do-whatsapp-de-2025-08-31-as-23-04-25_7b2d96b8\/'><img loading=\"lazy\" decoding=\"async\" width=\"113\" height=\"150\" src=\"https:\/\/www.sudoestehoje.com.br\/novoportal\/wp-content\/uploads\/2025\/08\/Imagem-do-WhatsApp-de-2025-08-31-as-23.04.25_7b2d96b8.jpg\" class=\"attachment-thumbnail size-thumbnail\" alt=\"\" \/><\/a>\n\t\t\t<\/dt><\/dl><dl class='gallery-item'>\n\t\t\t<dt class='gallery-icon landscape'>\n\t\t\t\t<a href='https:\/\/www.sudoestehoje.com.br\/novoportal\/2025\/08\/31\/coopardo-participa-da-cavalgada-das-brabas-empoderadas-em-macarani\/imagem-do-whatsapp-de-2025-08-31-as-23-04-24_e76c70c6\/'><img loading=\"lazy\" decoding=\"async\" width=\"150\" height=\"113\" src=\"https:\/\/www.sudoestehoje.com.br\/novoportal\/wp-content\/uploads\/2025\/08\/Imagem-do-WhatsApp-de-2025-08-31-as-23.04.24_e76c70c6.jpg\" class=\"attachment-thumbnail size-thumbnail\" alt=\"\" \/><\/a>\n\t\t\t<\/dt><\/dl><dl class='gallery-item'>\n\t\t\t<dt class='gallery-icon landscape'>\n\t\t\t\t<a href='https:\/\/www.sudoestehoje.com.br\/novoportal\/2025\/08\/31\/coopardo-participa-da-cavalgada-das-brabas-empoderadas-em-macarani\/imagem-do-whatsapp-de-2025-08-31-as-23-04-24_6c53b9cb\/'><img loading=\"lazy\" decoding=\"async\" width=\"150\" height=\"113\" src=\"https:\/\/www.sudoestehoje.com.br\/novoportal\/wp-content\/uploads\/2025\/08\/Imagem-do-WhatsApp-de-2025-08-31-as-23.04.24_6c53b9cb.jpg\" class=\"attachment-thumbnail size-thumbnail\" alt=\"\" \/><\/a>\n\t\t\t<\/dt><\/dl><br style=\"clear: both\" \/>\n\t\t<\/div>\n\n<p>Sudoeste Hoje<\/p>\n","protected":false},"excerpt":{"rendered":"<p>Nas comemora\u00e7\u00f5es do Dia do Vaqueiro, na cidade de Macarani, a Coopardo teve participa\u00e7\u00e3o ativa na Cavalgada das\u00a0 Brabas Empoderadas, evento organizado por mulheres da cidade e de toda a regi\u00e3o, ligadas ao agroneg\u00f3cio. Presente ao evento juntamente com sua fam\u00edlia, Alex Coelho destacou a import\u00e2ncia das comemora\u00e7\u00f5es do Dia do Vaqueiro e o incentivo [&hellip;]<\/p>\n","protected":false},"author":2,"featured_media":123239,"comment_status":"closed","ping_status":"open","sticky":false,"template":"","format":"standard","meta":{"footnotes":"","_links_to":"","_links_to_target":""},"categories":[1],"tags":[],"class_list":["post-123237","post","type-post","status-publish","format-standard","has-post-thumbnail","hentry","category-geral"],"views":610,"_links":{"self":[{"href":"https:\/\/www.sudoestehoje.com.br\/novoportal\/wp-json\/wp\/v2\/posts\/123237","targetHints":{"allow":["GET"]}}],"collection":[{"href":"https:\/\/www.sudoestehoje.com.br\/novoportal\/wp-json\/wp\/v2\/posts"}],"about":[{"href":"https:\/\/www.sudoestehoje.com.br\/novoportal\/wp-json\/wp\/v2\/types\/post"}],"author":[{"embeddable":true,"href":"https:\/\/www.sudoestehoje.com.br\/novoportal\/wp-json\/wp\/v2\/users\/2"}],"replies":[{"embeddable":true,"href":"https:\/\/www.sudoestehoje.com.br\/novoportal\/wp-json\/wp\/v2\/comments?post=123237"}],"version-history":[{"count":4,"href":"https:\/\/www.sudoestehoje.com.br\/novoportal\/wp-json\/wp\/v2\/posts\/123237\/revisions"}],"predecessor-version":[{"id":123250,"href":"https:\/\/www.sudoestehoje.com.br\/novoportal\/wp-json\/wp\/v2\/posts\/123237\/revisions\/123250"}],"wp:featuredmedia":[{"embeddable":true,"href":"https:\/\/www.sudoestehoje.com.br\/novoportal\/wp-json\/wp\/v2\/media\/123239"}],"wp:attachment":[{"href":"https:\/\/www.sudoestehoje.com.br\/novoportal\/wp-json\/wp\/v2\/media?parent=123237"}],"wp:term":[{"taxonomy":"category","embeddable":true,"href":"https:\/\/www.sudoestehoje.com.br\/novoportal\/wp-json\/wp\/v2\/categories?post=123237"},{"taxonomy":"post_tag","embeddable":true,"href":"https:\/\/www.sudoestehoje.com.br\/novoportal\/wp-json\/wp\/v2\/tags?post=123237"}],"curies":[{"name":"wp","href":"https:\/\/api.w.org\/{rel}","templated":true}]}}