
{"id":123228,"date":"2025-08-28T17:31:24","date_gmt":"2025-08-28T20:31:24","guid":{"rendered":"https:\/\/www.sudoestehoje.com.br\/novoportal\/?p=123228"},"modified":"2025-08-28T19:02:03","modified_gmt":"2025-08-28T22:02:03","slug":"ibge-2025-estima-populacao-de-itapetinga-em-68-724-habitantes","status":"publish","type":"post","link":"https:\/\/www.sudoestehoje.com.br\/novoportal\/2025\/08\/28\/ibge-2025-estima-populacao-de-itapetinga-em-68-724-habitantes\/","title":{"rendered":"IBGE 2025 ESTIMA POPULA\u00c7\u00c3O DE ITAPETINGA EM 68.724 HABITANTES; TEM MAIS&#8230;"},"content":{"rendered":"<p><img loading=\"lazy\" decoding=\"async\" class=\"alignnone size-full wp-image-123231\" src=\"https:\/\/www.sudoestehoje.com.br\/novoportal\/wp-content\/uploads\/2025\/08\/ITAPETINGA-FOTO-GAZINHO-1-500x500-1.jpg\" alt=\"\" width=\"500\" height=\"500\" \/><\/p>\n<p><em><strong>Reda\u00e7\u00e3o Davi Ferraz<\/strong><\/em><\/p>\n<p>De acordo com a nova estimativa do IBGE, divulgada nesta quinta-feira (28), o munic\u00edpio de Itapetinga chegou a\u00a0 <strong>68.724 habitantes<\/strong>, em 2025, sendo a 31\u00aa <em>cidade<\/em>\u00a0mais populosa da Bahia.<\/p>\n<p>Antes do censo de 2022, a popula\u00e7\u00e3o da &#8216;Capital da Pecu\u00e1ria Baiana&#8217; chegou a ser estimada em quase 80 mil habitantes, caindo drasticamente para pouco mais de 68 mil moradores, naquele ano.<\/p>\n<p>A queda brusca foi atribu\u00edda por alguns analistas \u00e0s demiss\u00f5es em massa na Azaleia, em 2011\/2012, for\u00e7ando a migra\u00e7\u00e3o de milhares de fam\u00edlias para outros centros produtores de cal\u00e7ados, a exemplo de Nova Serrana (MG), onde residem hoje mais de 5 mil itapetinguenses.<\/p>\n<p>Para outros, a diminui\u00e7\u00e3o se deveu \u00e0s in\u00fameras defici\u00eancias do pr\u00f3prio IBGE, Brasil afora, no recenciamento de 2022, o que o munic\u00edpio a recorrer \u00e0 justi\u00e7a, para evitar queda no Fundo de Participa\u00e7\u00e3o dos Munic\u00edpios (FPM).<\/p>\n<h2>Cinquenta munic\u00edpios mais populosos da Bahia segundo as estimativas populacionais do IBGE 2025<\/h2>\n<table dir=\"ltr\" border=\"1\" cellspacing=\"0\" cellpadding=\"0\" data-sheets-root=\"1\" data-sheets-baot=\"1\">\n<colgroup>\n<col class=\"amp-wp-b3a15a8\" data-amp-original-style=\"width: 100px\" \/>\n<col class=\"amp-wp-b3a15a8\" data-amp-original-style=\"width: 100px\" \/><\/colgroup>\n<tbody>\n<tr>\n<td>Salvador<\/td>\n<td>2.564.204<\/td>\n<\/tr>\n<tr>\n<td>Feira de Santana<\/td>\n<td>660.806<\/td>\n<\/tr>\n<tr>\n<td>Vit\u00f3ria da Conquista<\/td>\n<td>396.613<\/td>\n<\/tr>\n<tr>\n<td>Cama\u00e7ari<\/td>\n<td>321.636<\/td>\n<\/tr>\n<tr>\n<td>Juazeiro<\/td>\n<td>256.122<\/td>\n<\/tr>\n<tr>\n<td>Lauro de Freitas<\/td>\n<td>219.564<\/td>\n<\/tr>\n<tr>\n<td>Itabuna<\/td>\n<td>196.344<\/td>\n<\/tr>\n<tr>\n<td>Ilh\u00e9us<\/td>\n<td>189.149<\/td>\n<\/tr>\n<tr>\n<td>Porto Seguro<\/td>\n<td>182.630<\/td>\n<\/tr>\n<tr>\n<td>Barreiras<\/td>\n<td>171.634<\/td>\n<\/tr>\n<tr>\n<td>Jequi\u00e9<\/td>\n<td>169.201<\/td>\n<\/tr>\n<tr>\n<td>Alagoinhas<\/td>\n<td>161.196<\/td>\n<\/tr>\n<tr>\n<td>Teixeira de Freitas<\/td>\n<td>153.738<\/td>\n<\/tr>\n<tr>\n<td>Eun\u00e1polis<\/td>\n<td>121.067<\/td>\n<\/tr>\n<tr>\n<td>Sim\u00f5es Filho<\/td>\n<td>120.419<\/td>\n<\/tr>\n<tr>\n<td>Paulo Afonso<\/td>\n<td>119.418<\/td>\n<\/tr>\n<tr>\n<td>Lu\u00eds Eduardo Magalh\u00e3es<\/td>\n<td>118.382<\/td>\n<\/tr>\n<tr>\n<td>Santo Ant\u00f4nio de Jesus<\/td>\n<td>109.791<\/td>\n<\/tr>\n<tr>\n<td>Guanambi<\/td>\n<td>93.488<\/td>\n<\/tr>\n<tr>\n<td>Valen\u00e7a<\/td>\n<td>90.053<\/td>\n<\/tr>\n<tr>\n<td>Jacobina<\/td>\n<td>86.896<\/td>\n<\/tr>\n<tr>\n<td>Serrinha<\/td>\n<td>84.690<\/td>\n<\/tr>\n<tr>\n<td>Irec\u00ea<\/td>\n<td>78.781<\/td>\n<\/tr>\n<tr>\n<td>Senhor do Bonfim<\/td>\n<td>78.090<\/td>\n<\/tr>\n<tr>\n<td>Casa Nova<\/td>\n<td>76.131<\/td>\n<\/tr>\n<tr>\n<td>Dias d\u2019\u00c1vila<\/td>\n<td>75.296<\/td>\n<\/tr>\n<tr>\n<td>Campo Formoso<\/td>\n<td>75.112<\/td>\n<\/tr>\n<tr>\n<td>Candeias<\/td>\n<td>74.854<\/td>\n<\/tr>\n<tr>\n<td>Brumado<\/td>\n<td>74.368<\/td>\n<\/tr>\n<tr>\n<td>Concei\u00e7\u00e3o do Coit\u00e9<\/td>\n<td>71.601<\/td>\n<\/tr>\n<tr>\n<td>Bom Jesus da Lapa<\/td>\n<td>68.866<\/td>\n<\/tr>\n<tr>\n<td><strong>Itapetinga<\/strong><\/td>\n<td><strong>68.724<\/strong><\/td>\n<\/tr>\n<tr>\n<td>Itaberaba<\/td>\n<td>68.425<\/td>\n<\/tr>\n<tr>\n<td>Euclides da Cunha<\/td>\n<td>64.768<\/td>\n<\/tr>\n<tr>\n<td>Cruz das Almas<\/td>\n<td>63.326<\/td>\n<\/tr>\n<tr>\n<td>Itamaraju<\/td>\n<td>61.999<\/td>\n<\/tr>\n<tr>\n<td>Ipir\u00e1<\/td>\n<td>59.222<\/td>\n<\/tr>\n<tr>\n<td>Santo Amaro<\/td>\n<td>58.398<\/td>\n<\/tr>\n<tr>\n<td>Ribeira do Pombal<\/td>\n<td>56.316<\/td>\n<\/tr>\n<tr>\n<td>Santo Est\u00eav\u00e3o<\/td>\n<td>55.146<\/td>\n<\/tr>\n<tr>\n<td>Caetit\u00e9<\/td>\n<td>54.730<\/td>\n<\/tr>\n<tr>\n<td>Barra<\/td>\n<td>53.642<\/td>\n<\/tr>\n<tr>\n<td>Tucano<\/td>\n<td>51.016<\/td>\n<\/tr>\n<tr>\n<td>Po\u00e7\u00f5es<\/td>\n<td>50.773<\/td>\n<\/tr>\n<tr>\n<td>Araci<\/td>\n<td>50.308<\/td>\n<\/tr>\n<tr>\n<td>Catu<\/td>\n<td>50.109<\/td>\n<\/tr>\n<tr>\n<td>Monte Santo<\/td>\n<td>49.807<\/td>\n<\/tr>\n<tr>\n<td>Seabra<\/td>\n<td>48.721<\/td>\n<\/tr>\n<tr>\n<td>Jaguaquara<\/td>\n<td>47.624<\/td>\n<\/tr>\n<tr>\n<td>Xique-Xique<\/td>\n<td>47.019<\/td>\n<\/tr>\n<\/tbody>\n<\/table>\n<p>&nbsp;<\/p>\n","protected":false},"excerpt":{"rendered":"<p>Reda\u00e7\u00e3o Davi Ferraz De acordo com a nova estimativa do IBGE, divulgada nesta quinta-feira (28), o munic\u00edpio de Itapetinga chegou a\u00a0 68.724 habitantes, em 2025, sendo a 31\u00aa cidade\u00a0mais populosa da Bahia. Antes do censo de 2022, a popula\u00e7\u00e3o da &#8216;Capital da Pecu\u00e1ria Baiana&#8217; chegou a ser estimada em quase 80 mil habitantes, caindo drasticamente [&hellip;]<\/p>\n","protected":false},"author":2,"featured_media":123231,"comment_status":"closed","ping_status":"open","sticky":false,"template":"","format":"standard","meta":{"footnotes":"","_links_to":"","_links_to_target":""},"categories":[1],"tags":[],"class_list":["post-123228","post","type-post","status-publish","format-standard","has-post-thumbnail","hentry","category-geral"],"views":1852,"_links":{"self":[{"href":"https:\/\/www.sudoestehoje.com.br\/novoportal\/wp-json\/wp\/v2\/posts\/123228","targetHints":{"allow":["GET"]}}],"collection":[{"href":"https:\/\/www.sudoestehoje.com.br\/novoportal\/wp-json\/wp\/v2\/posts"}],"about":[{"href":"https:\/\/www.sudoestehoje.com.br\/novoportal\/wp-json\/wp\/v2\/types\/post"}],"author":[{"embeddable":true,"href":"https:\/\/www.sudoestehoje.com.br\/novoportal\/wp-json\/wp\/v2\/users\/2"}],"replies":[{"embeddable":true,"href":"https:\/\/www.sudoestehoje.com.br\/novoportal\/wp-json\/wp\/v2\/comments?post=123228"}],"version-history":[{"count":7,"href":"https:\/\/www.sudoestehoje.com.br\/novoportal\/wp-json\/wp\/v2\/posts\/123228\/revisions"}],"predecessor-version":[{"id":123236,"href":"https:\/\/www.sudoestehoje.com.br\/novoportal\/wp-json\/wp\/v2\/posts\/123228\/revisions\/123236"}],"wp:featuredmedia":[{"embeddable":true,"href":"https:\/\/www.sudoestehoje.com.br\/novoportal\/wp-json\/wp\/v2\/media\/123231"}],"wp:attachment":[{"href":"https:\/\/www.sudoestehoje.com.br\/novoportal\/wp-json\/wp\/v2\/media?parent=123228"}],"wp:term":[{"taxonomy":"category","embeddable":true,"href":"https:\/\/www.sudoestehoje.com.br\/novoportal\/wp-json\/wp\/v2\/categories?post=123228"},{"taxonomy":"post_tag","embeddable":true,"href":"https:\/\/www.sudoestehoje.com.br\/novoportal\/wp-json\/wp\/v2\/tags?post=123228"}],"curies":[{"name":"wp","href":"https:\/\/api.w.org\/{rel}","templated":true}]}}