
{"id":123224,"date":"2025-08-27T17:18:15","date_gmt":"2025-08-27T20:18:15","guid":{"rendered":"https:\/\/www.sudoestehoje.com.br\/novoportal\/?p=123224"},"modified":"2025-08-27T17:18:15","modified_gmt":"2025-08-27T20:18:15","slug":"jean-lucas-do-bahia-e-convocado-por-ancelotti-para-jogos-da-selecao-nas-eliminatorias","status":"publish","type":"post","link":"https:\/\/www.sudoestehoje.com.br\/novoportal\/2025\/08\/27\/jean-lucas-do-bahia-e-convocado-por-ancelotti-para-jogos-da-selecao-nas-eliminatorias\/","title":{"rendered":"JEAN LUCAS DO BAHIA \u00c9 CONVOCADO POR ANCELOTTI PARA JOGOS DA SELE\u00c7\u00c3O NAS ELIMINAT\u00d3RIAS"},"content":{"rendered":"<p><img loading=\"lazy\" decoding=\"async\" class=\"alignnone size-full wp-image-123225\" src=\"https:\/\/www.sudoestehoje.com.br\/novoportal\/wp-content\/uploads\/2025\/08\/jean-1.jpg\" alt=\"\" width=\"900\" height=\"555\" \/><\/p>\n<p>O meio-campista Jean Lucas, do Bahia, foi convocado nesta quarta-feira (27) pelo t\u00e9cnico Carlo Ancelotti para os jogos da Sele\u00e7\u00e3o Brasileira contra Chile e Bol\u00edvia, v\u00e1lidos pelas Eliminat\u00f3rias da Copa do Mundo de 2026.<\/p>\n<p>Jean Lucas entra na lista ap\u00f3s a les\u00e3o de Joelinton, do Newcastle, que foi desconvocado. Esta ser\u00e1 a primeira convoca\u00e7\u00e3o do atleta do Bahia para a equipe principal.<\/p>\n<p>Al\u00e9m da mudan\u00e7a no meio-campo, a comiss\u00e3o t\u00e9cnica confirmou o corte do lateral esquerdo Alex Sandro, do Flamengo, tamb\u00e9m por les\u00e3o, mas sem substitui\u00e7\u00e3o.<\/p>\n<p>Na pr\u00e9-lista, Jean Lucas j\u00e1 era a principal op\u00e7\u00e3o para compor o setor com Andrey Santos (Chelsea), Bruno Guimar\u00e3es (Newcastle), Casemiro (Manchester United) e Lucas Paquet\u00e1 (West Ham).<\/p>\n<p>A convoca\u00e7\u00e3o representa um desfalque importante para o Bahia, que disputa a final da Copa do Nordeste nos dias 3 e 6 de setembro. Os convocados se apresentam \u00e0 Granja Comary na pr\u00f3xima segunda-feira (1\u00ba).<\/p>\n","protected":false},"excerpt":{"rendered":"<p>O meio-campista Jean Lucas, do Bahia, foi convocado nesta quarta-feira (27) pelo t\u00e9cnico Carlo Ancelotti para os jogos da Sele\u00e7\u00e3o Brasileira contra Chile e Bol\u00edvia, v\u00e1lidos pelas Eliminat\u00f3rias da Copa do Mundo de 2026. Jean Lucas entra na lista ap\u00f3s a les\u00e3o de Joelinton, do Newcastle, que foi desconvocado. Esta ser\u00e1 a primeira convoca\u00e7\u00e3o do [&hellip;]<\/p>\n","protected":false},"author":2,"featured_media":123225,"comment_status":"closed","ping_status":"open","sticky":false,"template":"","format":"standard","meta":{"footnotes":"","_links_to":"","_links_to_target":""},"categories":[1],"tags":[],"class_list":["post-123224","post","type-post","status-publish","format-standard","has-post-thumbnail","hentry","category-geral"],"views":511,"_links":{"self":[{"href":"https:\/\/www.sudoestehoje.com.br\/novoportal\/wp-json\/wp\/v2\/posts\/123224","targetHints":{"allow":["GET"]}}],"collection":[{"href":"https:\/\/www.sudoestehoje.com.br\/novoportal\/wp-json\/wp\/v2\/posts"}],"about":[{"href":"https:\/\/www.sudoestehoje.com.br\/novoportal\/wp-json\/wp\/v2\/types\/post"}],"author":[{"embeddable":true,"href":"https:\/\/www.sudoestehoje.com.br\/novoportal\/wp-json\/wp\/v2\/users\/2"}],"replies":[{"embeddable":true,"href":"https:\/\/www.sudoestehoje.com.br\/novoportal\/wp-json\/wp\/v2\/comments?post=123224"}],"version-history":[{"count":1,"href":"https:\/\/www.sudoestehoje.com.br\/novoportal\/wp-json\/wp\/v2\/posts\/123224\/revisions"}],"predecessor-version":[{"id":123226,"href":"https:\/\/www.sudoestehoje.com.br\/novoportal\/wp-json\/wp\/v2\/posts\/123224\/revisions\/123226"}],"wp:featuredmedia":[{"embeddable":true,"href":"https:\/\/www.sudoestehoje.com.br\/novoportal\/wp-json\/wp\/v2\/media\/123225"}],"wp:attachment":[{"href":"https:\/\/www.sudoestehoje.com.br\/novoportal\/wp-json\/wp\/v2\/media?parent=123224"}],"wp:term":[{"taxonomy":"category","embeddable":true,"href":"https:\/\/www.sudoestehoje.com.br\/novoportal\/wp-json\/wp\/v2\/categories?post=123224"},{"taxonomy":"post_tag","embeddable":true,"href":"https:\/\/www.sudoestehoje.com.br\/novoportal\/wp-json\/wp\/v2\/tags?post=123224"}],"curies":[{"name":"wp","href":"https:\/\/api.w.org\/{rel}","templated":true}]}}