
{"id":123218,"date":"2025-08-27T16:55:16","date_gmt":"2025-08-27T19:55:16","guid":{"rendered":"https:\/\/www.sudoestehoje.com.br\/novoportal\/?p=123218"},"modified":"2025-08-27T16:55:51","modified_gmt":"2025-08-27T19:55:51","slug":"conquista-pre-candidatura-do-marido-da-prefeita-sheila-lemos-cria-racha-no-grupo-de-acm-neto","status":"publish","type":"post","link":"https:\/\/www.sudoestehoje.com.br\/novoportal\/2025\/08\/27\/conquista-pre-candidatura-do-marido-da-prefeita-sheila-lemos-cria-racha-no-grupo-de-acm-neto\/","title":{"rendered":"CONQUISTA | PR\u00c9-CANDIDATURA DO MARIDO DA PREFEITA SHEILA LEMOS CRIA RACHA NO GRUPO DE ACM NETO"},"content":{"rendered":"<div class=\"html-div xdj266r x14z9mp xat24cr x1lziwak xyri2b x1c1uobl x9f619 xjbqb8w x78zum5 x15mokao x1ga7v0g x16uus16 xbiv7yw xsag5q8 xz9dl7a x1uhb9sk x1plvlek xryxfnj x1c4vz4f x2lah0s x1q0g3np xqjyukv x1qjc9v5 x1oa3qoh x1nhvcw1\">\n<div class=\"html-div xdj266r x14z9mp xat24cr x1lziwak xexx8yu xyri2b x18d9i69 x1c1uobl x9f619 xjbqb8w x78zum5 x15mokao x1ga7v0g x16uus16 xbiv7yw x1uhb9sk x1plvlek xryxfnj x1iyjqo2 x2lwn1j xeuugli x1q0g3np xqjyukv x1qjc9v5 x1oa3qoh x1nhvcw1\">\n<div class=\"html-div xdj266r x14z9mp xat24cr x1lziwak xexx8yu xyri2b x18d9i69 x1c1uobl x9f619 xjbqb8w x78zum5 x15mokao x1ga7v0g x16uus16 xbiv7yw x1uhb9sk x1plvlek xryxfnj x1iyjqo2 x2lwn1j xeuugli xdt5ytf xqjyukv x1qjc9v5 x1oa3qoh x1nhvcw1\">\n<div>Presidente do PSDB, Dep. Adolfo Viana, acredita que candidatura de Wagner Lemos a deputado estadual n\u00e3o dever\u00e1 ser referendada pela c\u00fapula baiana do Uni\u00e3o Brasil<\/div>\n<div><img loading=\"lazy\" decoding=\"async\" class=\"alignnone size-full wp-image-123220\" src=\"https:\/\/www.sudoestehoje.com.br\/novoportal\/wp-content\/uploads\/2025\/08\/Imagem-do-WhatsApp-de-2025-08-27-as-16.40.31_0c8645dd.jpg\" alt=\"\" width=\"1078\" height=\"786\" \/><\/div>\n<div class=\"html-div xdj266r x14z9mp xat24cr x1lziwak xexx8yu xyri2b x18d9i69 x1c1uobl x9f619 xjbqb8w x78zum5 x15mokao x1ga7v0g x16uus16 xbiv7yw x1uhb9sk x1plvlek xryxfnj x1c4vz4f x2lah0s xdt5ytf xqjyukv x1qjc9v5 x1oa3qoh x1nhvcw1\">\n<p><span class=\"x193iq5w xeuugli x13faqbe x1vvkbs xt0psk2 x1i0vuye xvs91rp xo1l8bm x5n08af x10wh9bi xpm28yp x8viiok x1o7cslx x126k92a\">O ambiente pol\u00edtico de Vit\u00f3ria da Conquista, no sudoeste da Bahia, foi agitado nas \u00faltimas semanas com o lan\u00e7amento da pr\u00e9-candidatura de Wagner Lemos, marido da prefeita Sheila Lemos (Uni\u00e3o Brasil), ao cargo de deputado estadual.<\/span><\/p>\n<p>A movimenta\u00e7\u00e3o pegou muita gente de surpresa e foi interpretada no meio pol\u00edtico como uma quebra da alian\u00e7a hist\u00f3rica entre o Uni\u00e3o Brasil e o PSDB, presidido no estado pelo deputado estadual Tiago Correia. Natural de Vit\u00f3ria da Conquista, Correia que \u00e9 parceiro de Sheila Lemos, foi o mais votado na cidade nas elei\u00e7\u00f5es de 2022 e \u00e9 considerado uma das principais lideran\u00e7as tucanas na Bahia.<\/p>\n<p>A iniciativa gerou rea\u00e7\u00e3o por parte do PSDB. Ao ser questionado pelo Pol\u00edtica Livre, o deputado federal Adolfo Viana, presidente da Federa\u00e7\u00e3o PSDB-Cidadania e respons\u00e1vel pelas articula\u00e7\u00f5es pol\u00edticas da legenda com foco nas elei\u00e7\u00f5es de 2026, classificou o gesto como uma tentativa de sobrepor interesses pessoais ao projeto coletivo constru\u00eddo entre os dois partidos.<\/p>\n<p><em>\u201cSe, de fato, esse movimento se consolidar, representar\u00e1 a imposi\u00e7\u00e3o de um projeto pessoal sobre um projeto de grupo\u201d<\/em>, afirmou Viana. Ele disse ainda n\u00e3o acreditar que a pr\u00e9-candidatura seja referendada pelas lideran\u00e7as estaduais do Uni\u00e3o Brasil.<em> \u201cTenho certeza de que esse movimento n\u00e3o ser\u00e1 ratificado pelos l\u00edderes do Uni\u00e3o Brasil, pois representaria uma verdadeira agress\u00e3o \u00e0 parceria mantida com o PSDB em todo o estado da Bahia\u201d<\/em>, completou o parlamentar. <em>\/\/Pol\u00edtica Livre<\/em><\/p>\n<\/div>\n<\/div>\n<\/div>\n<\/div>\n","protected":false},"excerpt":{"rendered":"<p>Presidente do PSDB, Dep. Adolfo Viana, acredita que candidatura de Wagner Lemos a deputado estadual n\u00e3o dever\u00e1 ser referendada pela c\u00fapula baiana do Uni\u00e3o Brasil O ambiente pol\u00edtico de Vit\u00f3ria da Conquista, no sudoeste da Bahia, foi agitado nas \u00faltimas semanas com o lan\u00e7amento da pr\u00e9-candidatura de Wagner Lemos, marido da prefeita Sheila Lemos (Uni\u00e3o [&hellip;]<\/p>\n","protected":false},"author":2,"featured_media":123220,"comment_status":"closed","ping_status":"open","sticky":false,"template":"","format":"standard","meta":{"footnotes":"","_links_to":"","_links_to_target":""},"categories":[1],"tags":[],"class_list":["post-123218","post","type-post","status-publish","format-standard","has-post-thumbnail","hentry","category-geral"],"views":1124,"_links":{"self":[{"href":"https:\/\/www.sudoestehoje.com.br\/novoportal\/wp-json\/wp\/v2\/posts\/123218","targetHints":{"allow":["GET"]}}],"collection":[{"href":"https:\/\/www.sudoestehoje.com.br\/novoportal\/wp-json\/wp\/v2\/posts"}],"about":[{"href":"https:\/\/www.sudoestehoje.com.br\/novoportal\/wp-json\/wp\/v2\/types\/post"}],"author":[{"embeddable":true,"href":"https:\/\/www.sudoestehoje.com.br\/novoportal\/wp-json\/wp\/v2\/users\/2"}],"replies":[{"embeddable":true,"href":"https:\/\/www.sudoestehoje.com.br\/novoportal\/wp-json\/wp\/v2\/comments?post=123218"}],"version-history":[{"count":4,"href":"https:\/\/www.sudoestehoje.com.br\/novoportal\/wp-json\/wp\/v2\/posts\/123218\/revisions"}],"predecessor-version":[{"id":123223,"href":"https:\/\/www.sudoestehoje.com.br\/novoportal\/wp-json\/wp\/v2\/posts\/123218\/revisions\/123223"}],"wp:featuredmedia":[{"embeddable":true,"href":"https:\/\/www.sudoestehoje.com.br\/novoportal\/wp-json\/wp\/v2\/media\/123220"}],"wp:attachment":[{"href":"https:\/\/www.sudoestehoje.com.br\/novoportal\/wp-json\/wp\/v2\/media?parent=123218"}],"wp:term":[{"taxonomy":"category","embeddable":true,"href":"https:\/\/www.sudoestehoje.com.br\/novoportal\/wp-json\/wp\/v2\/categories?post=123218"},{"taxonomy":"post_tag","embeddable":true,"href":"https:\/\/www.sudoestehoje.com.br\/novoportal\/wp-json\/wp\/v2\/tags?post=123218"}],"curies":[{"name":"wp","href":"https:\/\/api.w.org\/{rel}","templated":true}]}}