
{"id":123186,"date":"2025-08-25T08:59:49","date_gmt":"2025-08-25T11:59:49","guid":{"rendered":"https:\/\/www.sudoestehoje.com.br\/novoportal\/?p=123186"},"modified":"2025-08-25T09:21:54","modified_gmt":"2025-08-25T12:21:54","slug":"itapetinga-apos-rompimento-com-geddel-e-eduardo-rodrigo-hagge-deve-migrar-para-o-pl-ou-uniao-brasil","status":"publish","type":"post","link":"https:\/\/www.sudoestehoje.com.br\/novoportal\/2025\/08\/25\/itapetinga-apos-rompimento-com-geddel-e-eduardo-rodrigo-hagge-deve-migrar-para-o-pl-ou-uniao-brasil\/","title":{"rendered":"ITAPETINGA | AP\u00d3S ROMPIMENTO COM GEDDEL E EDUARDO, RODRIGO HAGGE DEVE MIGRAR PARA O PL OU UNI\u00c3O BRASIL"},"content":{"rendered":"<p><img loading=\"lazy\" decoding=\"async\" class=\"alignnone size-full wp-image-123189\" src=\"https:\/\/www.sudoestehoje.com.br\/novoportal\/wp-content\/uploads\/2025\/08\/rodrigo-hagge-e-acm-neto.jpg\" alt=\"\" width=\"1200\" height=\"720\" \/><\/p>\n<p>Depois do rompimento por parte do prefeito Eduardo e do grupo do ex-ministro Geddel Vieira Lima, o ex-prefeito de Itapetinga, Rodrigo Hagge, est\u00e1 com os dias contados no MDB e deve se candidatar a deputado estadual por outra agremia\u00e7\u00e3o, nas elei\u00e7\u00f5es de 2026.<\/p>\n<p>O ex-prefeito conversou informalmente com o editor do Sudoeste Hoje, no Parque da Lagoa, e adiantou que a sua prefer\u00eancia \u00e9 migrar para um partido cuja linha de corte possibilite a sua elei\u00e7\u00e3o a uma cadeira na ALBA, com prefer\u00eancia para o PL ou mesmo o Uni\u00e3o Brasil, do ex-prefeito ACM Neto, com o qual tem forte liga\u00e7\u00e3o pol\u00edtica.<\/p>\n<p>\u00c0 nossa reportagem, Rodrigo lamentou o rompimento por parte do prefeito Eduardo Hagge, seu tio, lembrando que a divis\u00e3o do antigo grupo pol\u00edtico criado por seu av\u00f4, o ex-prefeito e deputado Michel Hagge, enfraquece os &#8216;gabirabas&#8217; e possibilita a ascens\u00e3o da oposi\u00e7\u00e3o, para as pr\u00f3ximas elei\u00e7\u00f5es municipais.<\/p>\n<p>Rodrigo informou tamb\u00e9m que caso n\u00e3o alcance o seu objetivo de ser eleito para deputado estadual em 2026 dever\u00e1 concorrer ao cargo de prefeito de Itapetinga, em 2028.<\/p>\n<p>A decis\u00e3o do ex-prefeito de migrar para outro partido, deve se consolidar na janela partid\u00e1ria de mar\u00e7o do ano que vem, quando a legisla\u00e7\u00e3o eleitoral permite a troca de partidos pelos eventuais candidatos, sem risco de incorrer em infidelidade partid\u00e1ria.<\/p>\n<p>Por Davi Ferraz<\/p>\n","protected":false},"excerpt":{"rendered":"<p>Depois do rompimento por parte do prefeito Eduardo e do grupo do ex-ministro Geddel Vieira Lima, o ex-prefeito de Itapetinga, Rodrigo Hagge, est\u00e1 com os dias contados no MDB e deve se candidatar a deputado estadual por outra agremia\u00e7\u00e3o, nas elei\u00e7\u00f5es de 2026. O ex-prefeito conversou informalmente com o editor do Sudoeste Hoje, no Parque [&hellip;]<\/p>\n","protected":false},"author":2,"featured_media":123189,"comment_status":"closed","ping_status":"open","sticky":false,"template":"","format":"standard","meta":{"footnotes":"","_links_to":"","_links_to_target":""},"categories":[1],"tags":[],"class_list":["post-123186","post","type-post","status-publish","format-standard","has-post-thumbnail","hentry","category-geral"],"views":1605,"_links":{"self":[{"href":"https:\/\/www.sudoestehoje.com.br\/novoportal\/wp-json\/wp\/v2\/posts\/123186","targetHints":{"allow":["GET"]}}],"collection":[{"href":"https:\/\/www.sudoestehoje.com.br\/novoportal\/wp-json\/wp\/v2\/posts"}],"about":[{"href":"https:\/\/www.sudoestehoje.com.br\/novoportal\/wp-json\/wp\/v2\/types\/post"}],"author":[{"embeddable":true,"href":"https:\/\/www.sudoestehoje.com.br\/novoportal\/wp-json\/wp\/v2\/users\/2"}],"replies":[{"embeddable":true,"href":"https:\/\/www.sudoestehoje.com.br\/novoportal\/wp-json\/wp\/v2\/comments?post=123186"}],"version-history":[{"count":6,"href":"https:\/\/www.sudoestehoje.com.br\/novoportal\/wp-json\/wp\/v2\/posts\/123186\/revisions"}],"predecessor-version":[{"id":123193,"href":"https:\/\/www.sudoestehoje.com.br\/novoportal\/wp-json\/wp\/v2\/posts\/123186\/revisions\/123193"}],"wp:featuredmedia":[{"embeddable":true,"href":"https:\/\/www.sudoestehoje.com.br\/novoportal\/wp-json\/wp\/v2\/media\/123189"}],"wp:attachment":[{"href":"https:\/\/www.sudoestehoje.com.br\/novoportal\/wp-json\/wp\/v2\/media?parent=123186"}],"wp:term":[{"taxonomy":"category","embeddable":true,"href":"https:\/\/www.sudoestehoje.com.br\/novoportal\/wp-json\/wp\/v2\/categories?post=123186"},{"taxonomy":"post_tag","embeddable":true,"href":"https:\/\/www.sudoestehoje.com.br\/novoportal\/wp-json\/wp\/v2\/tags?post=123186"}],"curies":[{"name":"wp","href":"https:\/\/api.w.org\/{rel}","templated":true}]}}