
{"id":123178,"date":"2025-08-21T08:49:04","date_gmt":"2025-08-21T11:49:04","guid":{"rendered":"https:\/\/www.sudoestehoje.com.br\/novoportal\/?p=123178"},"modified":"2025-08-21T08:49:04","modified_gmt":"2025-08-21T11:49:04","slug":"pedro-tavares-se-solidariza-com-populacao-de-ilheus-e-cobra-atencao-do-governo-para-a-seguranca-publica-da-cidade","status":"publish","type":"post","link":"https:\/\/www.sudoestehoje.com.br\/novoportal\/2025\/08\/21\/pedro-tavares-se-solidariza-com-populacao-de-ilheus-e-cobra-atencao-do-governo-para-a-seguranca-publica-da-cidade\/","title":{"rendered":"PEDRO TAVARES SE SOLIDARIZA COM POPULA\u00c7\u00c3O DE ILH\u00c9US E COBRA ATEN\u00c7\u00c3O DO GOVERNO PARA A SEGURAN\u00c7A P\u00daBLICA DA CIDADE"},"content":{"rendered":"<p><img loading=\"lazy\" decoding=\"async\" class=\"alignnone size-full wp-image-123179\" src=\"https:\/\/www.sudoestehoje.com.br\/novoportal\/wp-content\/uploads\/2025\/08\/Imagem-do-WhatsApp-de-2025-08-19-as-19.32.36_4b242f6d.jpg\" alt=\"\" width=\"1600\" height=\"1200\" \/><\/p>\n<p>O deputado estadual Pedro Tavares (Uni\u00e3o) usou a tribuna da Assembleia Legislativa da Bahia (ALBA), hoje (19\/08), para prestar solidariedade \u00e0 popula\u00e7\u00e3o de Ilh\u00e9us diante da onda de viol\u00eancia que atingiu a cidade nos \u00faltimos dias. O parlamentar lamentou os crimes ocorridos e cobrou do Governo do estado maior aten\u00e7\u00e3o para seguran\u00e7a p\u00fablica do munic\u00edpio.<\/p>\n<p>No pronunciamento, Tavares citou em especial, o assassinato brutal das professoras da rede municipal, Alexsandra Oliveira Suzart e Maria Helena do Nascimento Bastos, al\u00e9m de Mariana Bastos da Silva, filha de Maria Helena.<\/p>\n<p>\u201cQuero prestar minha solidariedade \u00e0 popula\u00e7\u00e3o de Ilh\u00e9us, aos familiares e amigos das v\u00edtimas desse crime terr\u00edvel, ocorrido em uma das praias mais visitadas do munic\u00edpio, que repercutiu nacionalmente. Infelizmente, elas desapareceram durante um passeio e foram encontradas brutalmente assassinadas. Pe\u00e7o \u00e0s autoridades estaduais o m\u00e1ximo de empenho para elucidar esse crime que chocou n\u00e3o apenas Ilh\u00e9us, mas todo o Brasil\u201d, enfatizou.<\/p>\n<p>O parlamentar tamb\u00e9m citou outros epis\u00f3dios recentes de viol\u00eancia, como o homic\u00eddio registrado em plena luz do dia, no \u00faltimo domingo (17), em uma barraca de praia, e o ataque ocorrido na estrada que liga Ilh\u00e9us a Uru\u00e7uca at\u00e9 a BR-101, quando um casal e a filha foram v\u00edtimas de uma emboscada. \u201cAssaltaram e mataram o pai de fam\u00edlia, a m\u00e3e e a filha conseguiram se salvar\u201d, relatou.<\/p>\n","protected":false},"excerpt":{"rendered":"<p>O deputado estadual Pedro Tavares (Uni\u00e3o) usou a tribuna da Assembleia Legislativa da Bahia (ALBA), hoje (19\/08), para prestar solidariedade \u00e0 popula\u00e7\u00e3o de Ilh\u00e9us diante da onda de viol\u00eancia que atingiu a cidade nos \u00faltimos dias. O parlamentar lamentou os crimes ocorridos e cobrou do Governo do estado maior aten\u00e7\u00e3o para seguran\u00e7a p\u00fablica do munic\u00edpio. [&hellip;]<\/p>\n","protected":false},"author":2,"featured_media":123179,"comment_status":"closed","ping_status":"open","sticky":false,"template":"","format":"standard","meta":{"footnotes":"","_links_to":"","_links_to_target":""},"categories":[1],"tags":[],"class_list":["post-123178","post","type-post","status-publish","format-standard","has-post-thumbnail","hentry","category-geral"],"views":559,"_links":{"self":[{"href":"https:\/\/www.sudoestehoje.com.br\/novoportal\/wp-json\/wp\/v2\/posts\/123178","targetHints":{"allow":["GET"]}}],"collection":[{"href":"https:\/\/www.sudoestehoje.com.br\/novoportal\/wp-json\/wp\/v2\/posts"}],"about":[{"href":"https:\/\/www.sudoestehoje.com.br\/novoportal\/wp-json\/wp\/v2\/types\/post"}],"author":[{"embeddable":true,"href":"https:\/\/www.sudoestehoje.com.br\/novoportal\/wp-json\/wp\/v2\/users\/2"}],"replies":[{"embeddable":true,"href":"https:\/\/www.sudoestehoje.com.br\/novoportal\/wp-json\/wp\/v2\/comments?post=123178"}],"version-history":[{"count":1,"href":"https:\/\/www.sudoestehoje.com.br\/novoportal\/wp-json\/wp\/v2\/posts\/123178\/revisions"}],"predecessor-version":[{"id":123180,"href":"https:\/\/www.sudoestehoje.com.br\/novoportal\/wp-json\/wp\/v2\/posts\/123178\/revisions\/123180"}],"wp:featuredmedia":[{"embeddable":true,"href":"https:\/\/www.sudoestehoje.com.br\/novoportal\/wp-json\/wp\/v2\/media\/123179"}],"wp:attachment":[{"href":"https:\/\/www.sudoestehoje.com.br\/novoportal\/wp-json\/wp\/v2\/media?parent=123178"}],"wp:term":[{"taxonomy":"category","embeddable":true,"href":"https:\/\/www.sudoestehoje.com.br\/novoportal\/wp-json\/wp\/v2\/categories?post=123178"},{"taxonomy":"post_tag","embeddable":true,"href":"https:\/\/www.sudoestehoje.com.br\/novoportal\/wp-json\/wp\/v2\/tags?post=123178"}],"curies":[{"name":"wp","href":"https:\/\/api.w.org\/{rel}","templated":true}]}}