
{"id":123171,"date":"2025-08-20T09:35:37","date_gmt":"2025-08-20T12:35:37","guid":{"rendered":"https:\/\/www.sudoestehoje.com.br\/novoportal\/?p=123171"},"modified":"2025-08-20T09:37:45","modified_gmt":"2025-08-20T12:37:45","slug":"maduro-convoca-exercito-de-brancaleone-para-enfrentar-invasao-americana","status":"publish","type":"post","link":"https:\/\/www.sudoestehoje.com.br\/novoportal\/2025\/08\/20\/maduro-convoca-exercito-de-brancaleone-para-enfrentar-invasao-americana\/","title":{"rendered":"MADURO CONVOCA &#8216;EX\u00c9RCITO DE BRANCALEONE&#8217; PARA ENFRENTAR INVAS\u00c3O AMERICANA"},"content":{"rendered":"<p><img loading=\"lazy\" decoding=\"async\" class=\"alignnone size-full wp-image-123173\" src=\"https:\/\/www.sudoestehoje.com.br\/novoportal\/wp-content\/uploads\/2025\/08\/Imagem-do-WhatsApp-de-2025-08-20-as-08.17.57_9b126580.jpg\" alt=\"\" width=\"1079\" height=\"839\" \/><\/p>\n<p>Nesta ter\u00e7a (19), o presidente da Venezuela anunciou a convoca\u00e7\u00e3o de 5 milh\u00f5es de seus &#8216;guardas revolucion\u00e1rios&#8217; para combater um poss\u00edvel ataque americano no seu territ\u00f3rio.<\/p>\n<p>Pelas fotos divulgadas pela imprensa venezuelana e de outros pa\u00edses, a guarda de Maduro \u00e9 formada por pessoas totalmente despreparadas para um confronto contra a maior for\u00e7a militar do mundo, formada por soldados altamente treinadas e com armamentos de \u00faltima gera\u00e7\u00e3o.<\/p>\n<p>Parecido com o famoso &#8216;Ex\u00e9rcito de Brancaleone&#8217;, retratado no cinema italiano pelo consagrado cineasta Federico Felline, em 1966, as for\u00e7as revolucion\u00e1rias de Maduro s\u00e3o formadas por idosos subnutridos e v\u00eam sendo ridicularizadas pela imprensa mundial, pela sua fragilidade.<\/p>\n<p>Se ocorrerem confrontos, de fato, vai ser um enorme massacre e uma humilha\u00e7\u00e3o retumbante&#8230;<\/p>\n<p>Reda\u00e7\u00e3o SH<\/p>\n","protected":false},"excerpt":{"rendered":"<p>Nesta ter\u00e7a (19), o presidente da Venezuela anunciou a convoca\u00e7\u00e3o de 5 milh\u00f5es de seus &#8216;guardas revolucion\u00e1rios&#8217; para combater um poss\u00edvel ataque americano no seu territ\u00f3rio. Pelas fotos divulgadas pela imprensa venezuelana e de outros pa\u00edses, a guarda de Maduro \u00e9 formada por pessoas totalmente despreparadas para um confronto contra a maior for\u00e7a militar do [&hellip;]<\/p>\n","protected":false},"author":2,"featured_media":123173,"comment_status":"closed","ping_status":"open","sticky":false,"template":"","format":"standard","meta":{"footnotes":"","_links_to":"","_links_to_target":""},"categories":[1],"tags":[],"class_list":["post-123171","post","type-post","status-publish","format-standard","has-post-thumbnail","hentry","category-geral"],"views":975,"_links":{"self":[{"href":"https:\/\/www.sudoestehoje.com.br\/novoportal\/wp-json\/wp\/v2\/posts\/123171","targetHints":{"allow":["GET"]}}],"collection":[{"href":"https:\/\/www.sudoestehoje.com.br\/novoportal\/wp-json\/wp\/v2\/posts"}],"about":[{"href":"https:\/\/www.sudoestehoje.com.br\/novoportal\/wp-json\/wp\/v2\/types\/post"}],"author":[{"embeddable":true,"href":"https:\/\/www.sudoestehoje.com.br\/novoportal\/wp-json\/wp\/v2\/users\/2"}],"replies":[{"embeddable":true,"href":"https:\/\/www.sudoestehoje.com.br\/novoportal\/wp-json\/wp\/v2\/comments?post=123171"}],"version-history":[{"count":5,"href":"https:\/\/www.sudoestehoje.com.br\/novoportal\/wp-json\/wp\/v2\/posts\/123171\/revisions"}],"predecessor-version":[{"id":123177,"href":"https:\/\/www.sudoestehoje.com.br\/novoportal\/wp-json\/wp\/v2\/posts\/123171\/revisions\/123177"}],"wp:featuredmedia":[{"embeddable":true,"href":"https:\/\/www.sudoestehoje.com.br\/novoportal\/wp-json\/wp\/v2\/media\/123173"}],"wp:attachment":[{"href":"https:\/\/www.sudoestehoje.com.br\/novoportal\/wp-json\/wp\/v2\/media?parent=123171"}],"wp:term":[{"taxonomy":"category","embeddable":true,"href":"https:\/\/www.sudoestehoje.com.br\/novoportal\/wp-json\/wp\/v2\/categories?post=123171"},{"taxonomy":"post_tag","embeddable":true,"href":"https:\/\/www.sudoestehoje.com.br\/novoportal\/wp-json\/wp\/v2\/tags?post=123171"}],"curies":[{"name":"wp","href":"https:\/\/api.w.org\/{rel}","templated":true}]}}