
{"id":123155,"date":"2025-08-19T10:08:52","date_gmt":"2025-08-19T13:08:52","guid":{"rendered":"https:\/\/www.sudoestehoje.com.br\/novoportal\/?p=123155"},"modified":"2025-08-19T10:08:52","modified_gmt":"2025-08-19T13:08:52","slug":"confira-lista-final-dos-convocados-para-jogos-da-selecao-pelas-eliminatorias","status":"publish","type":"post","link":"https:\/\/www.sudoestehoje.com.br\/novoportal\/2025\/08\/19\/confira-lista-final-dos-convocados-para-jogos-da-selecao-pelas-eliminatorias\/","title":{"rendered":"CONFIRA LISTA FINAL DOS CONVOCADOS PARA JOGOS DA SELE\u00c7\u00c3O PELAS ELIMINAT\u00d3RIAS"},"content":{"rendered":"<p><img loading=\"lazy\" decoding=\"async\" class=\"alignnone size-full wp-image-123157\" src=\"https:\/\/www.sudoestehoje.com.br\/novoportal\/wp-content\/uploads\/2025\/08\/Os-7-nomes-confirmados-na-lista-dos-pre-convocados-da-Selecao-Brasileira-7-944x531-1.jpg\" alt=\"\" width=\"944\" height=\"531\" \/><\/p>\n<p>A lista final com os nomes dos 23 jogadores convocados pela Sele\u00e7\u00e3o Brasileira, para a Data Fifa de setembro, ser\u00e1 divulgada na pr\u00f3xima segunda-feira (25). No entanto, j\u00e1 \u00e9 poss\u00edvel saber alguns dos atletas entre os pr\u00e9-convocados pelo t\u00e9cnico Carlo Ancelotti.<\/p>\n<p>Segundo apura\u00e7\u00e3o do ge, a lista foi enviada pela CBF no \u00faltimo fim de semana, conforme o prazo obrigat\u00f3rio da Fifa de 15 dias antes da apresenta\u00e7\u00e3o, que acontecer\u00e1 dia 1\u00ba de setembro. Por isso, clubes dos jogadores envolvidos j\u00e1 foram notificados.<\/p>\n<p>Com novidades, a Sele\u00e7\u00e3o Brasileira vai enfrentar Chile e Bol\u00edvia nas \u00faltimas partidas das eliminat\u00f3rias sul-americanas para a Copa de 2026. Atletas do Cruzeiro, Santos, S\u00e3o Paulo e Vasco s\u00e3o algumas das novidades entre os nomes pr\u00e9-convocados. J\u00e1 o atacante\u00a0<strong>Vini Jr, do Real Madrid, n\u00e3o foi escolhido<\/strong>\u00a0por Ancelotti por estar suspenso para a primeira partida.<\/p>\n<h2 id=\"h-pre-convocados-pela-selecao-brasileira\" class=\"wp-block-heading\">Pr\u00e9-convocados pela Sele\u00e7\u00e3o Brasileira<\/h2>\n<p>Goleiros: Gabriel Braz\u00e3o (Santos)<\/p>\n<p>Zagueiros: \u00c9der Milit\u00e3o (Real Madrid)<\/p>\n<p>Laterais: Vitinho (Botafogo) e Paulo Henrique (Vasco)<\/p>\n<p>Meio-campistas: Danilo (Botafogo) e Marcos Ant\u00f4nio (S\u00e3o Paulo)<\/p>\n<p>Atacantes: Kaio Jorge (Cruzeiro), Neymar (Santos) e Rodrygo (Real Madrid)<\/p>\n","protected":false},"excerpt":{"rendered":"<p>A lista final com os nomes dos 23 jogadores convocados pela Sele\u00e7\u00e3o Brasileira, para a Data Fifa de setembro, ser\u00e1 divulgada na pr\u00f3xima segunda-feira (25). No entanto, j\u00e1 \u00e9 poss\u00edvel saber alguns dos atletas entre os pr\u00e9-convocados pelo t\u00e9cnico Carlo Ancelotti. Segundo apura\u00e7\u00e3o do ge, a lista foi enviada pela CBF no \u00faltimo fim de [&hellip;]<\/p>\n","protected":false},"author":2,"featured_media":123157,"comment_status":"closed","ping_status":"open","sticky":false,"template":"","format":"standard","meta":{"footnotes":"","_links_to":"","_links_to_target":""},"categories":[1],"tags":[],"class_list":["post-123155","post","type-post","status-publish","format-standard","has-post-thumbnail","hentry","category-geral"],"views":1063,"_links":{"self":[{"href":"https:\/\/www.sudoestehoje.com.br\/novoportal\/wp-json\/wp\/v2\/posts\/123155","targetHints":{"allow":["GET"]}}],"collection":[{"href":"https:\/\/www.sudoestehoje.com.br\/novoportal\/wp-json\/wp\/v2\/posts"}],"about":[{"href":"https:\/\/www.sudoestehoje.com.br\/novoportal\/wp-json\/wp\/v2\/types\/post"}],"author":[{"embeddable":true,"href":"https:\/\/www.sudoestehoje.com.br\/novoportal\/wp-json\/wp\/v2\/users\/2"}],"replies":[{"embeddable":true,"href":"https:\/\/www.sudoestehoje.com.br\/novoportal\/wp-json\/wp\/v2\/comments?post=123155"}],"version-history":[{"count":3,"href":"https:\/\/www.sudoestehoje.com.br\/novoportal\/wp-json\/wp\/v2\/posts\/123155\/revisions"}],"predecessor-version":[{"id":123160,"href":"https:\/\/www.sudoestehoje.com.br\/novoportal\/wp-json\/wp\/v2\/posts\/123155\/revisions\/123160"}],"wp:featuredmedia":[{"embeddable":true,"href":"https:\/\/www.sudoestehoje.com.br\/novoportal\/wp-json\/wp\/v2\/media\/123157"}],"wp:attachment":[{"href":"https:\/\/www.sudoestehoje.com.br\/novoportal\/wp-json\/wp\/v2\/media?parent=123155"}],"wp:term":[{"taxonomy":"category","embeddable":true,"href":"https:\/\/www.sudoestehoje.com.br\/novoportal\/wp-json\/wp\/v2\/categories?post=123155"},{"taxonomy":"post_tag","embeddable":true,"href":"https:\/\/www.sudoestehoje.com.br\/novoportal\/wp-json\/wp\/v2\/tags?post=123155"}],"curies":[{"name":"wp","href":"https:\/\/api.w.org\/{rel}","templated":true}]}}