
{"id":123130,"date":"2025-08-19T09:20:37","date_gmt":"2025-08-19T12:20:37","guid":{"rendered":"https:\/\/www.sudoestehoje.com.br\/novoportal\/?p=123130"},"modified":"2025-08-19T09:23:08","modified_gmt":"2025-08-19T12:23:08","slug":"coopardo-participa-de-varios-eventos-do-agro-durante-mes-de-agosto","status":"publish","type":"post","link":"https:\/\/www.sudoestehoje.com.br\/novoportal\/2025\/08\/19\/coopardo-participa-de-varios-eventos-do-agro-durante-mes-de-agosto\/","title":{"rendered":"COOPARDO PARTICIPA DE V\u00c1RIOS EVENTOS DO AGRO DURANTE M\u00caS DE AGOSTO"},"content":{"rendered":"<p><img loading=\"lazy\" decoding=\"async\" class=\"alignnone size-full wp-image-123132\" src=\"https:\/\/www.sudoestehoje.com.br\/novoportal\/wp-content\/uploads\/2025\/08\/Imagem-do-WhatsApp-de-2025-08-19-as-07.05.26_602407b8.jpg\" alt=\"\" width=\"1280\" height=\"960\" \/><\/p>\n<p>Durante o m\u00eas de agosto em curso, a Coopardo participou de in\u00fameros eventos ligados ao agro, realizados em cidades do estado da Bahia.<\/p>\n<p>Acompanhado por 32 cooperados, o presidente da Coopardo, Alex Coelho e sua equipe, participaram da REHAGRO em Salvador, onde recebeu v\u00e1rios produtores no seu Stand, nos dias 14 e 15.<\/p>\n<p>No dia 18, Alex participou de evento da Secretaria de Agricultura de Ibicu\u00ed, juntamente com associa\u00e7\u00f5es de produtores rurais .<\/p>\n<p><img loading=\"lazy\" decoding=\"async\" class=\"alignnone size-medium wp-image-123134\" src=\"https:\/\/www.sudoestehoje.com.br\/novoportal\/wp-content\/uploads\/2025\/08\/Imagem-do-WhatsApp-de-2025-08-19-as-07.07.36_13e78013-1.jpg\" alt=\"\" width=\"560\" height=\"323\" \/><\/p>\n<p>Nesta ter\u00e7a-feira (19), o presidente da Coopardo estar\u00e1 em Itoror\u00f3 participando de evento no Sindicato Rural, com dois palestrantes da cooperativa: Luziane Gr de F\u00e1brica\/Zootecnista, Elton Agr\u00f4nomo, t\u00e9cnico de campo Coopardo\/Sumthomo.<\/p>\n<p>A expectativa da dire\u00e7\u00e3o da Coopardo \u00e9 de que em 2025 possa continuar trilhando caminhos de sucesso e conquistas.<\/p>\n\n\t\t<style type=\"text\/css\">\n\t\t\t#gallery-1 {\n\t\t\t\tmargin: auto;\n\t\t\t}\n\t\t\t#gallery-1 .gallery-item {\n\t\t\t\tfloat: left;\n\t\t\t\tmargin-top: 10px;\n\t\t\t\ttext-align: center;\n\t\t\t\twidth: 33%;\n\t\t\t}\n\t\t\t#gallery-1 img {\n\t\t\t\tborder: 2px solid #cfcfcf;\n\t\t\t}\n\t\t\t#gallery-1 .gallery-caption {\n\t\t\t\tmargin-left: 0;\n\t\t\t}\n\t\t\t\/* see gallery_shortcode() in wp-includes\/media.php *\/\n\t\t<\/style>\n\t\t<div id='gallery-1' class='gallery galleryid-123130 gallery-columns-3 gallery-size-thumbnail'><dl class='gallery-item'>\n\t\t\t<dt class='gallery-icon portrait'>\n\t\t\t\t<a href='https:\/\/www.sudoestehoje.com.br\/novoportal\/2025\/08\/19\/coopardo-participa-de-varios-eventos-do-agro-durante-mes-de-agosto\/imagem-do-whatsapp-de-2025-08-19-as-07-05-25_20b7d189\/'><img loading=\"lazy\" decoding=\"async\" width=\"84\" height=\"150\" src=\"https:\/\/www.sudoestehoje.com.br\/novoportal\/wp-content\/uploads\/2025\/08\/Imagem-do-WhatsApp-de-2025-08-19-as-07.05.25_20b7d189.jpg\" class=\"attachment-thumbnail size-thumbnail\" alt=\"\" \/><\/a>\n\t\t\t<\/dt><\/dl><dl class='gallery-item'>\n\t\t\t<dt class='gallery-icon landscape'>\n\t\t\t\t<a href='https:\/\/www.sudoestehoje.com.br\/novoportal\/2025\/08\/19\/coopardo-participa-de-varios-eventos-do-agro-durante-mes-de-agosto\/imagem-do-whatsapp-de-2025-08-19-as-07-05-27_7914c2a0\/'><img loading=\"lazy\" decoding=\"async\" width=\"150\" height=\"113\" src=\"https:\/\/www.sudoestehoje.com.br\/novoportal\/wp-content\/uploads\/2025\/08\/Imagem-do-WhatsApp-de-2025-08-19-as-07.05.27_7914c2a0.jpg\" class=\"attachment-thumbnail size-thumbnail\" alt=\"\" \/><\/a>\n\t\t\t<\/dt><\/dl><dl class='gallery-item'>\n\t\t\t<dt class='gallery-icon landscape'>\n\t\t\t\t<a href='https:\/\/www.sudoestehoje.com.br\/novoportal\/2025\/08\/19\/coopardo-participa-de-varios-eventos-do-agro-durante-mes-de-agosto\/imagem-do-whatsapp-de-2025-08-19-as-07-05-27_baad7472\/'><img loading=\"lazy\" decoding=\"async\" width=\"150\" height=\"113\" src=\"https:\/\/www.sudoestehoje.com.br\/novoportal\/wp-content\/uploads\/2025\/08\/Imagem-do-WhatsApp-de-2025-08-19-as-07.05.27_baad7472.jpg\" class=\"attachment-thumbnail size-thumbnail\" alt=\"\" \/><\/a>\n\t\t\t<\/dt><\/dl><br style=\"clear: both\" \/><dl class='gallery-item'>\n\t\t\t<dt class='gallery-icon landscape'>\n\t\t\t\t<a href='https:\/\/www.sudoestehoje.com.br\/novoportal\/2025\/08\/19\/coopardo-participa-de-varios-eventos-do-agro-durante-mes-de-agosto\/imagem-do-whatsapp-de-2025-08-19-as-07-05-27_f4d18e35\/'><img loading=\"lazy\" decoding=\"async\" width=\"150\" height=\"113\" src=\"https:\/\/www.sudoestehoje.com.br\/novoportal\/wp-content\/uploads\/2025\/08\/Imagem-do-WhatsApp-de-2025-08-19-as-07.05.27_f4d18e35.jpg\" class=\"attachment-thumbnail size-thumbnail\" alt=\"\" \/><\/a>\n\t\t\t<\/dt><\/dl><dl class='gallery-item'>\n\t\t\t<dt class='gallery-icon portrait'>\n\t\t\t\t<a href='https:\/\/www.sudoestehoje.com.br\/novoportal\/2025\/08\/19\/coopardo-participa-de-varios-eventos-do-agro-durante-mes-de-agosto\/imagem-do-whatsapp-de-2025-08-19-as-07-05-28_2cd56e98\/'><img loading=\"lazy\" decoding=\"async\" width=\"113\" height=\"150\" src=\"https:\/\/www.sudoestehoje.com.br\/novoportal\/wp-content\/uploads\/2025\/08\/Imagem-do-WhatsApp-de-2025-08-19-as-07.05.28_2cd56e98.jpg\" class=\"attachment-thumbnail size-thumbnail\" alt=\"\" \/><\/a>\n\t\t\t<\/dt><\/dl><dl class='gallery-item'>\n\t\t\t<dt class='gallery-icon landscape'>\n\t\t\t\t<a href='https:\/\/www.sudoestehoje.com.br\/novoportal\/2025\/08\/19\/coopardo-participa-de-varios-eventos-do-agro-durante-mes-de-agosto\/imagem-do-whatsapp-de-2025-08-19-as-07-05-28_287f1c7f\/'><img loading=\"lazy\" decoding=\"async\" width=\"150\" height=\"113\" src=\"https:\/\/www.sudoestehoje.com.br\/novoportal\/wp-content\/uploads\/2025\/08\/Imagem-do-WhatsApp-de-2025-08-19-as-07.05.28_287f1c7f.jpg\" class=\"attachment-thumbnail size-thumbnail\" alt=\"\" \/><\/a>\n\t\t\t<\/dt><\/dl><br style=\"clear: both\" \/><dl class='gallery-item'>\n\t\t\t<dt class='gallery-icon portrait'>\n\t\t\t\t<a href='https:\/\/www.sudoestehoje.com.br\/novoportal\/2025\/08\/19\/coopardo-participa-de-varios-eventos-do-agro-durante-mes-de-agosto\/imagem-do-whatsapp-de-2025-08-19-as-07-05-28_eb5568fc\/'><img loading=\"lazy\" decoding=\"async\" width=\"112\" height=\"150\" src=\"https:\/\/www.sudoestehoje.com.br\/novoportal\/wp-content\/uploads\/2025\/08\/Imagem-do-WhatsApp-de-2025-08-19-as-07.05.28_eb5568fc.jpg\" class=\"attachment-thumbnail size-thumbnail\" alt=\"\" \/><\/a>\n\t\t\t<\/dt><\/dl><dl class='gallery-item'>\n\t\t\t<dt class='gallery-icon portrait'>\n\t\t\t\t<a href='https:\/\/www.sudoestehoje.com.br\/novoportal\/2025\/08\/19\/coopardo-participa-de-varios-eventos-do-agro-durante-mes-de-agosto\/imagem-do-whatsapp-de-2025-08-19-as-07-05-29_07b992d5\/'><img loading=\"lazy\" decoding=\"async\" width=\"113\" height=\"150\" src=\"https:\/\/www.sudoestehoje.com.br\/novoportal\/wp-content\/uploads\/2025\/08\/Imagem-do-WhatsApp-de-2025-08-19-as-07.05.29_07b992d5.jpg\" class=\"attachment-thumbnail size-thumbnail\" alt=\"\" \/><\/a>\n\t\t\t<\/dt><\/dl><dl class='gallery-item'>\n\t\t\t<dt class='gallery-icon landscape'>\n\t\t\t\t<a href='https:\/\/www.sudoestehoje.com.br\/novoportal\/2025\/08\/19\/coopardo-participa-de-varios-eventos-do-agro-durante-mes-de-agosto\/imagem-do-whatsapp-de-2025-08-19-as-07-05-29_222f82c9\/'><img loading=\"lazy\" decoding=\"async\" width=\"150\" height=\"113\" src=\"https:\/\/www.sudoestehoje.com.br\/novoportal\/wp-content\/uploads\/2025\/08\/Imagem-do-WhatsApp-de-2025-08-19-as-07.05.29_222f82c9.jpg\" class=\"attachment-thumbnail size-thumbnail\" alt=\"\" \/><\/a>\n\t\t\t<\/dt><\/dl><br style=\"clear: both\" \/><dl class='gallery-item'>\n\t\t\t<dt class='gallery-icon landscape'>\n\t\t\t\t<a href='https:\/\/www.sudoestehoje.com.br\/novoportal\/2025\/08\/19\/coopardo-participa-de-varios-eventos-do-agro-durante-mes-de-agosto\/imagem-do-whatsapp-de-2025-08-19-as-07-05-30_fc8c4536\/'><img loading=\"lazy\" decoding=\"async\" width=\"150\" height=\"113\" src=\"https:\/\/www.sudoestehoje.com.br\/novoportal\/wp-content\/uploads\/2025\/08\/Imagem-do-WhatsApp-de-2025-08-19-as-07.05.30_fc8c4536.jpg\" class=\"attachment-thumbnail size-thumbnail\" alt=\"\" \/><\/a>\n\t\t\t<\/dt><\/dl><dl class='gallery-item'>\n\t\t\t<dt class='gallery-icon landscape'>\n\t\t\t\t<a href='https:\/\/www.sudoestehoje.com.br\/novoportal\/2025\/08\/19\/coopardo-participa-de-varios-eventos-do-agro-durante-mes-de-agosto\/imagem-do-whatsapp-de-2025-08-19-as-08-50-21_0b8b4325\/'><img loading=\"lazy\" decoding=\"async\" width=\"150\" height=\"113\" src=\"https:\/\/www.sudoestehoje.com.br\/novoportal\/wp-content\/uploads\/2025\/08\/Imagem-do-WhatsApp-de-2025-08-19-as-08.50.21_0b8b4325.jpg\" class=\"attachment-thumbnail size-thumbnail\" alt=\"\" \/><\/a>\n\t\t\t<\/dt><\/dl><dl class='gallery-item'>\n\t\t\t<dt class='gallery-icon portrait'>\n\t\t\t\t<a href='https:\/\/www.sudoestehoje.com.br\/novoportal\/2025\/08\/19\/coopardo-participa-de-varios-eventos-do-agro-durante-mes-de-agosto\/imagem-do-whatsapp-de-2025-08-19-as-08-52-24_51749f37\/'><img loading=\"lazy\" decoding=\"async\" width=\"113\" height=\"150\" src=\"https:\/\/www.sudoestehoje.com.br\/novoportal\/wp-content\/uploads\/2025\/08\/Imagem-do-WhatsApp-de-2025-08-19-as-08.52.24_51749f37.jpg\" class=\"attachment-thumbnail size-thumbnail\" alt=\"\" \/><\/a>\n\t\t\t<\/dt><\/dl><br style=\"clear: both\" \/>\n\t\t<\/div>\n\n<p>Reda\u00e7\u00e3o SH<\/p>\n","protected":false},"excerpt":{"rendered":"<p>Durante o m\u00eas de agosto em curso, a Coopardo participou de in\u00fameros eventos ligados ao agro, realizados em cidades do estado da Bahia. Acompanhado por 32 cooperados, o presidente da Coopardo, Alex Coelho e sua equipe, participaram da REHAGRO em Salvador, onde recebeu v\u00e1rios produtores no seu Stand, nos dias 14 e 15. No dia [&hellip;]<\/p>\n","protected":false},"author":2,"featured_media":123132,"comment_status":"closed","ping_status":"open","sticky":false,"template":"","format":"standard","meta":{"footnotes":"","_links_to":"","_links_to_target":""},"categories":[1],"tags":[],"class_list":["post-123130","post","type-post","status-publish","format-standard","has-post-thumbnail","hentry","category-geral"],"views":455,"_links":{"self":[{"href":"https:\/\/www.sudoestehoje.com.br\/novoportal\/wp-json\/wp\/v2\/posts\/123130","targetHints":{"allow":["GET"]}}],"collection":[{"href":"https:\/\/www.sudoestehoje.com.br\/novoportal\/wp-json\/wp\/v2\/posts"}],"about":[{"href":"https:\/\/www.sudoestehoje.com.br\/novoportal\/wp-json\/wp\/v2\/types\/post"}],"author":[{"embeddable":true,"href":"https:\/\/www.sudoestehoje.com.br\/novoportal\/wp-json\/wp\/v2\/users\/2"}],"replies":[{"embeddable":true,"href":"https:\/\/www.sudoestehoje.com.br\/novoportal\/wp-json\/wp\/v2\/comments?post=123130"}],"version-history":[{"count":5,"href":"https:\/\/www.sudoestehoje.com.br\/novoportal\/wp-json\/wp\/v2\/posts\/123130\/revisions"}],"predecessor-version":[{"id":123150,"href":"https:\/\/www.sudoestehoje.com.br\/novoportal\/wp-json\/wp\/v2\/posts\/123130\/revisions\/123150"}],"wp:featuredmedia":[{"embeddable":true,"href":"https:\/\/www.sudoestehoje.com.br\/novoportal\/wp-json\/wp\/v2\/media\/123132"}],"wp:attachment":[{"href":"https:\/\/www.sudoestehoje.com.br\/novoportal\/wp-json\/wp\/v2\/media?parent=123130"}],"wp:term":[{"taxonomy":"category","embeddable":true,"href":"https:\/\/www.sudoestehoje.com.br\/novoportal\/wp-json\/wp\/v2\/categories?post=123130"},{"taxonomy":"post_tag","embeddable":true,"href":"https:\/\/www.sudoestehoje.com.br\/novoportal\/wp-json\/wp\/v2\/tags?post=123130"}],"curies":[{"name":"wp","href":"https:\/\/api.w.org\/{rel}","templated":true}]}}