
{"id":12313,"date":"2012-01-22T18:58:00","date_gmt":"2012-01-22T21:58:00","guid":{"rendered":"http:\/\/www.sudoestehoje.com.br\/novoportal\/?p=12313"},"modified":"2012-01-22T19:08:54","modified_gmt":"2012-01-22T22:08:54","slug":"dilma-vai-tirar-gabrielli-da-petrobras-em-fevereiro","status":"publish","type":"post","link":"https:\/\/www.sudoestehoje.com.br\/novoportal\/2012\/01\/22\/dilma-vai-tirar-gabrielli-da-petrobras-em-fevereiro\/","title":{"rendered":"DILMA VAI TIRAR GABRIELLI DA PETROBR\u00c1S EM FEVEREIRO"},"content":{"rendered":"<p style=\"text-align: center;\"><img decoding=\"async\" class=\"aligncenter\" src=\"http:\/\/www.bahia247.com.br\/get_img?ImageWidth=316&amp;ImageId=16672\" alt=\"Gabrielli deixa a Petrobras\" width=\"400\" \/><\/p>\n<p style=\"text-align: center;\"><strong><em>Sai Gabrielli, entra Maria das Gra\u00e7as Foster, a predileta de Dilma<\/em><\/strong><\/p>\n<p>O presidente da Petrobras, Jos\u00e9 S\u00e9rgio Gabrielli, deixar\u00e1 o comando da estatal provavelmente na pr\u00f3xima reuni\u00e3o do Conselho de Administra\u00e7\u00e3o marcada para 13 de fevereiro. Em seu lugar assumir\u00e1 a atual diretora da \u00e1rea de neg\u00f3cios de g\u00e1s e energia, Maria das Gra\u00e7as Foster. A troca era um desejo antigo da presidente Dilma Rousseff e que j\u00e1 foi acertado com os dois executivos.<\/p>\n<p>Gabrielli pretendia deixar a Petrobras apenas em 2013, pois pretende concorrer ao governo da Bahia em 2014. Dilma, no entanto, decidiu antecipar esse &#8220;desembarque&#8221; de Gabrielli do governo, aproveitando a minirreforma ministerial iniciada na \u00faltima semana. A expectativa \u00e9 que ele passe por um per\u00edodo de quarentena e assuma um cargo no governo do petista Jaques Wagner. As principais apostas s\u00e3o a secretaria de ind\u00fastria e com\u00e9rcio ou a secretaria de fazenda.<\/p>\n<p><em><strong>Correio Brasiliense<\/strong><\/em><\/p>\n","protected":false},"excerpt":{"rendered":"<p>Sai Gabrielli, entra Maria das Gra\u00e7as Foster, a predileta de Dilma O presidente da Petrobras, Jos\u00e9 S\u00e9rgio Gabrielli, deixar\u00e1 o comando da estatal provavelmente na pr\u00f3xima reuni\u00e3o do Conselho de Administra\u00e7\u00e3o marcada para 13 de fevereiro. Em seu lugar assumir\u00e1 a atual diretora da \u00e1rea de neg\u00f3cios de g\u00e1s e energia, Maria das Gra\u00e7as Foster. [&hellip;]<\/p>\n","protected":false},"author":2,"featured_media":0,"comment_status":"open","ping_status":"open","sticky":false,"template":"","format":"standard","meta":{"footnotes":"","_links_to":"","_links_to_target":""},"categories":[1],"tags":[],"class_list":["post-12313","post","type-post","status-publish","format-standard","hentry","category-geral"],"views":1123,"_links":{"self":[{"href":"https:\/\/www.sudoestehoje.com.br\/novoportal\/wp-json\/wp\/v2\/posts\/12313","targetHints":{"allow":["GET"]}}],"collection":[{"href":"https:\/\/www.sudoestehoje.com.br\/novoportal\/wp-json\/wp\/v2\/posts"}],"about":[{"href":"https:\/\/www.sudoestehoje.com.br\/novoportal\/wp-json\/wp\/v2\/types\/post"}],"author":[{"embeddable":true,"href":"https:\/\/www.sudoestehoje.com.br\/novoportal\/wp-json\/wp\/v2\/users\/2"}],"replies":[{"embeddable":true,"href":"https:\/\/www.sudoestehoje.com.br\/novoportal\/wp-json\/wp\/v2\/comments?post=12313"}],"version-history":[{"count":5,"href":"https:\/\/www.sudoestehoje.com.br\/novoportal\/wp-json\/wp\/v2\/posts\/12313\/revisions"}],"predecessor-version":[{"id":12317,"href":"https:\/\/www.sudoestehoje.com.br\/novoportal\/wp-json\/wp\/v2\/posts\/12313\/revisions\/12317"}],"wp:attachment":[{"href":"https:\/\/www.sudoestehoje.com.br\/novoportal\/wp-json\/wp\/v2\/media?parent=12313"}],"wp:term":[{"taxonomy":"category","embeddable":true,"href":"https:\/\/www.sudoestehoje.com.br\/novoportal\/wp-json\/wp\/v2\/categories?post=12313"},{"taxonomy":"post_tag","embeddable":true,"href":"https:\/\/www.sudoestehoje.com.br\/novoportal\/wp-json\/wp\/v2\/tags?post=12313"}],"curies":[{"name":"wp","href":"https:\/\/api.w.org\/{rel}","templated":true}]}}