
{"id":123123,"date":"2025-08-18T17:56:27","date_gmt":"2025-08-18T20:56:27","guid":{"rendered":"https:\/\/www.sudoestehoje.com.br\/novoportal\/?p=123123"},"modified":"2025-08-18T18:17:07","modified_gmt":"2025-08-18T21:17:07","slug":"itaptinguense-junior-freitas-e-o-novo-secretario-municipal-de-planejamento","status":"publish","type":"post","link":"https:\/\/www.sudoestehoje.com.br\/novoportal\/2025\/08\/18\/itaptinguense-junior-freitas-e-o-novo-secretario-municipal-de-planejamento\/","title":{"rendered":"ITAPETINGUENSE JUNIOR FREITAS \u00c9 O NOVO SECRET\u00c1RIO MUNICIPAL DE PLANEJAMENTO"},"content":{"rendered":"<p><img loading=\"lazy\" decoding=\"async\" class=\"alignnone size-full wp-image-123124\" src=\"https:\/\/www.sudoestehoje.com.br\/novoportal\/wp-content\/uploads\/2025\/08\/Imagem-do-WhatsApp-de-2025-08-18-as-17.52.54_3710e3af.jpg\" alt=\"\" width=\"740\" height=\"625\" \/><\/p>\n<p>Na tarde desta segunda-feira (18), o prefeito Eduardo Hagge nomeou o empres\u00e1rio e pecuarista Ant\u00f4nio Freitas Junior para o cargo de Secret\u00e1rio Municipal de Planejamento do Munic\u00edpio.<\/p>\n<p>Filho do saudoso comerciante Ant\u00f4nio Freitas , Junior &#8216;Pranch\u00e3o&#8221;, como \u00e9 conhecido, tem forma\u00e7\u00e3o superior, sendo graduado em Economia pela Universidade Federal da Bahia, exercendo, atualmente, o cargo de presidente do Sindicato dos Produtores Rurais de Itoror\u00f3, onde possui uma propriedade rural.<\/p>\n<p>O novo secret\u00e1rio assume a pasta do Planejamento em substitui\u00e7\u00e3o a Yasmin Silva Lima, exonerada na \u00faltima semana.<\/p>\n<p>Por Davi Ferraz<\/p>\n","protected":false},"excerpt":{"rendered":"<p>Na tarde desta segunda-feira (18), o prefeito Eduardo Hagge nomeou o empres\u00e1rio e pecuarista Ant\u00f4nio Freitas Junior para o cargo de Secret\u00e1rio Municipal de Planejamento do Munic\u00edpio. Filho do saudoso comerciante Ant\u00f4nio Freitas , Junior &#8216;Pranch\u00e3o&#8221;, como \u00e9 conhecido, tem forma\u00e7\u00e3o superior, sendo graduado em Economia pela Universidade Federal da Bahia, exercendo, atualmente, o cargo [&hellip;]<\/p>\n","protected":false},"author":2,"featured_media":123124,"comment_status":"closed","ping_status":"open","sticky":false,"template":"","format":"standard","meta":{"footnotes":"","_links_to":"","_links_to_target":""},"categories":[1],"tags":[],"class_list":["post-123123","post","type-post","status-publish","format-standard","has-post-thumbnail","hentry","category-geral"],"views":1104,"_links":{"self":[{"href":"https:\/\/www.sudoestehoje.com.br\/novoportal\/wp-json\/wp\/v2\/posts\/123123","targetHints":{"allow":["GET"]}}],"collection":[{"href":"https:\/\/www.sudoestehoje.com.br\/novoportal\/wp-json\/wp\/v2\/posts"}],"about":[{"href":"https:\/\/www.sudoestehoje.com.br\/novoportal\/wp-json\/wp\/v2\/types\/post"}],"author":[{"embeddable":true,"href":"https:\/\/www.sudoestehoje.com.br\/novoportal\/wp-json\/wp\/v2\/users\/2"}],"replies":[{"embeddable":true,"href":"https:\/\/www.sudoestehoje.com.br\/novoportal\/wp-json\/wp\/v2\/comments?post=123123"}],"version-history":[{"count":4,"href":"https:\/\/www.sudoestehoje.com.br\/novoportal\/wp-json\/wp\/v2\/posts\/123123\/revisions"}],"predecessor-version":[{"id":123128,"href":"https:\/\/www.sudoestehoje.com.br\/novoportal\/wp-json\/wp\/v2\/posts\/123123\/revisions\/123128"}],"wp:featuredmedia":[{"embeddable":true,"href":"https:\/\/www.sudoestehoje.com.br\/novoportal\/wp-json\/wp\/v2\/media\/123124"}],"wp:attachment":[{"href":"https:\/\/www.sudoestehoje.com.br\/novoportal\/wp-json\/wp\/v2\/media?parent=123123"}],"wp:term":[{"taxonomy":"category","embeddable":true,"href":"https:\/\/www.sudoestehoje.com.br\/novoportal\/wp-json\/wp\/v2\/categories?post=123123"},{"taxonomy":"post_tag","embeddable":true,"href":"https:\/\/www.sudoestehoje.com.br\/novoportal\/wp-json\/wp\/v2\/tags?post=123123"}],"curies":[{"name":"wp","href":"https:\/\/api.w.org\/{rel}","templated":true}]}}