
{"id":123116,"date":"2025-08-18T09:36:30","date_gmt":"2025-08-18T12:36:30","guid":{"rendered":"https:\/\/www.sudoestehoje.com.br\/novoportal\/?p=123116"},"modified":"2025-08-18T09:36:30","modified_gmt":"2025-08-18T12:36:30","slug":"justica-converte-em-preventiva-prisao-do-motorista-filho-de-vereadora-que-atropelou-corredor-na-orla-de-salvador","status":"publish","type":"post","link":"https:\/\/www.sudoestehoje.com.br\/novoportal\/2025\/08\/18\/justica-converte-em-preventiva-prisao-do-motorista-filho-de-vereadora-que-atropelou-corredor-na-orla-de-salvador\/","title":{"rendered":"JUSTI\u00c7A CONVERTE EM PREVENTIVA PRIS\u00c3O DO MOTORISTA FILHO DE VEREADORA QUE ATROPELOU CORREDOR NA ORLA DE SALVADOR"},"content":{"rendered":"<p><img loading=\"lazy\" decoding=\"async\" class=\"alignnone size-full wp-image-123118\" src=\"https:\/\/www.sudoestehoje.com.br\/novoportal\/wp-content\/uploads\/2025\/08\/Redimensionamento-Blog-do-Valente-3-1.jpg\" alt=\"\" width=\"1024\" height=\"768\" \/><\/p>\n<p>A Justi\u00e7a converteu em preventiva a pris\u00e3o de Cleydson Cardoso Costa Filho, acusado de atropelar o corredor Emerson Pinheiro em Salvador. A decis\u00e3o foi tomada neste domingo (17), durante a audi\u00eancia de cust\u00f3dia, um dia ap\u00f3s o acidente.<\/p>\n<p>Cleydson, que \u00e9 filho da vereadora D\u00e9bora Santana (PDT), havia deixado a delegacia sob forte protesto de familiares e amigos da v\u00edtima, que cobraram justi\u00e7a e responsabiliza\u00e7\u00e3o.<\/p>\n<p>Segundo a advogada de Emerson, o atleta treinava em um novo percurso ao lado de outros corredores quando foi atingido, na manh\u00e3 deste s\u00e1bado (16). Ele est\u00e1 internado na UTI, sedado e recebendo medicamentos para controle da press\u00e3o arterial e do quadro hemodin\u00e2mico. Emerson passou por cirurgia e teve uma das pernas\u00a0amputadas.<\/p>\n","protected":false},"excerpt":{"rendered":"<p>A Justi\u00e7a converteu em preventiva a pris\u00e3o de Cleydson Cardoso Costa Filho, acusado de atropelar o corredor Emerson Pinheiro em Salvador. A decis\u00e3o foi tomada neste domingo (17), durante a audi\u00eancia de cust\u00f3dia, um dia ap\u00f3s o acidente. Cleydson, que \u00e9 filho da vereadora D\u00e9bora Santana (PDT), havia deixado a delegacia sob forte protesto de [&hellip;]<\/p>\n","protected":false},"author":2,"featured_media":123118,"comment_status":"closed","ping_status":"open","sticky":false,"template":"","format":"standard","meta":{"footnotes":"","_links_to":"","_links_to_target":""},"categories":[1],"tags":[],"class_list":["post-123116","post","type-post","status-publish","format-standard","has-post-thumbnail","hentry","category-geral"],"views":723,"_links":{"self":[{"href":"https:\/\/www.sudoestehoje.com.br\/novoportal\/wp-json\/wp\/v2\/posts\/123116","targetHints":{"allow":["GET"]}}],"collection":[{"href":"https:\/\/www.sudoestehoje.com.br\/novoportal\/wp-json\/wp\/v2\/posts"}],"about":[{"href":"https:\/\/www.sudoestehoje.com.br\/novoportal\/wp-json\/wp\/v2\/types\/post"}],"author":[{"embeddable":true,"href":"https:\/\/www.sudoestehoje.com.br\/novoportal\/wp-json\/wp\/v2\/users\/2"}],"replies":[{"embeddable":true,"href":"https:\/\/www.sudoestehoje.com.br\/novoportal\/wp-json\/wp\/v2\/comments?post=123116"}],"version-history":[{"count":2,"href":"https:\/\/www.sudoestehoje.com.br\/novoportal\/wp-json\/wp\/v2\/posts\/123116\/revisions"}],"predecessor-version":[{"id":123119,"href":"https:\/\/www.sudoestehoje.com.br\/novoportal\/wp-json\/wp\/v2\/posts\/123116\/revisions\/123119"}],"wp:featuredmedia":[{"embeddable":true,"href":"https:\/\/www.sudoestehoje.com.br\/novoportal\/wp-json\/wp\/v2\/media\/123118"}],"wp:attachment":[{"href":"https:\/\/www.sudoestehoje.com.br\/novoportal\/wp-json\/wp\/v2\/media?parent=123116"}],"wp:term":[{"taxonomy":"category","embeddable":true,"href":"https:\/\/www.sudoestehoje.com.br\/novoportal\/wp-json\/wp\/v2\/categories?post=123116"},{"taxonomy":"post_tag","embeddable":true,"href":"https:\/\/www.sudoestehoje.com.br\/novoportal\/wp-json\/wp\/v2\/tags?post=123116"}],"curies":[{"name":"wp","href":"https:\/\/api.w.org\/{rel}","templated":true}]}}